{"id":968,"date":"2015-05-22T22:13:11","date_gmt":"2015-05-22T22:13:11","guid":{"rendered":"http:\/\/bcdeportes.com\/?p=968"},"modified":"2015-05-22T22:13:11","modified_gmt":"2015-05-22T22:13:11","slug":"arma-seleccion-la-rural-de-maneadero-para-participar-en-el-certamen-estatal","status":"publish","type":"post","link":"https:\/\/bcdeportes.com\/?p=968","title":{"rendered":"Arma Selecci\u00f3n La Rural de Maneadero Para Participar en el Certamen Estatal"},"content":{"rendered":"<p>Para Participar en el Certamen Estatal<\/p>\n<p>Arma Selecci\u00f3n La Rural de Maneadero<\/p>\n<p>De la Categor\u00eda Primera Fuerza<\/p>\n<p>ENSENADA.- Con 26 peloteros se encuentra entrenando la selecci\u00f3n de la Liga Rural de beisbol de Maneadero con miras a su participaci\u00f3n en el campeonato estatal de beisbol de Primera Fuerza que se pone en marcha este domingo fecha en la que no han sido programados.<br \/>\nJuan Jos\u00e9 Carrillo Huerta, se\u00f1alo que la selecci\u00f3n de la furia verde ser\u00e1 tripulada por Amador \u201cTerr\u00f3n\u201d Pe\u00f1a, Luis Carlos \u201cPita\u201d Silva y Juan Verdugo y llevaran al popular Balbonny acompa\u00f1ado de Cristian Payan como bats boys.<br \/>\nLa selecci\u00f3n estar\u00e1 lista para cuando la Asociaci\u00f3n Estatal de beisbol de Baja California nos programe nuestro primer compromiso.<br \/>\nPRESELECCION LIGA RURAL ESTATAL 2015<br \/>\nPacheco P\u00e9rez Edgar, Castillo Nieto Abraham, Le\u00f3n Le\u00f3n Enrique, Galindo Pimentel Roberto, Patr\u00f3n Gonz\u00e1lez Aar\u00f3n, Tovar Osmart, Hern\u00e1ndez Marr\u00f3n Carlos, Castellanos Duran Daniel, Moreno Palomares Jos\u00e9 Alonso, Arce Zamora Francisco, Arenas Eduardo, Herrera Pe\u00f1a Juan Pedro, Hern\u00e1ndez Marr\u00f3n Omar, Valenzuela Soto Ram\u00f3n, Calder\u00f3n Crist\u00f3bal, Fierro Olmos Bryant, Miranda Gonz\u00e1lez V\u00edctor, Silva L\u00f3pez Alejandro, Marchena Luis, Castro Monta\u00f1o Leonel, Alfaro Tamayo Orlando, Bugarin Wence Ricardo, Mercado Hern\u00e1ndez Oscar, Reyes Erick, Monta\u00f1o Cabrera Jos\u00e9 Luis, Sol\u00eds Lara Isidro<br \/>\nCUERPO\tTECNICO<br \/>\nPe\u00f1a Amador<br \/>\nVerdugo Juan<br \/>\nSilva Duran Luis Carlos<br \/>\nHern\u00e1ndez Felipe \u00b4\u00b4Balbonny\u00b4\u00b4<br \/>\nPayan Romero Christian<\/p>\n","protected":false},"excerpt":{"rendered":"<div class=\"mh-excerpt\"><p>Para Participar en el Certamen Estatal Arma Selecci\u00f3n La Rural de Maneadero De la Categor\u00eda Primera Fuerza ENSENADA.- Con 26 peloteros se encuentra entrenando la <a class=\"mh-excerpt-more\" href=\"https:\/\/bcdeportes.com\/?p=968\" title=\"Arma Selecci\u00f3n La Rural de Maneadero Para Participar en el Certamen Estatal\">[&#8230;]<\/a><\/p>\n<\/div>","protected":false},"author":2,"featured_media":0,"comment_status":"open","ping_status":"open","sticky":false,"template":"","format":"standard","meta":{"footnotes":""},"categories":[2,13],"tags":[],"class_list":["post-968","post","type-post","status-publish","format-standard","hentry","category-beisbol","category-ruralmaneadero"],"_links":{"self":[{"href":"https:\/\/bcdeportes.com\/index.php?rest_route=\/wp\/v2\/posts\/968","targetHints":{"allow":["GET"]}}],"collection":[{"href":"https:\/\/bcdeportes.com\/index.php?rest_route=\/wp\/v2\/posts"}],"about":[{"href":"https:\/\/bcdeportes.com\/index.php?rest_route=\/wp\/v2\/types\/post"}],"author":[{"embeddable":true,"href":"https:\/\/bcdeportes.com\/index.php?rest_route=\/wp\/v2\/users\/2"}],"replies":[{"embeddable":true,"href":"https:\/\/bcdeportes.com\/index.php?rest_route=%2Fwp%2Fv2%2Fcomments&post=968"}],"version-history":[{"count":1,"href":"https:\/\/bcdeportes.com\/index.php?rest_route=\/wp\/v2\/posts\/968\/revisions"}],"predecessor-version":[{"id":969,"href":"https:\/\/bcdeportes.com\/index.php?rest_route=\/wp\/v2\/posts\/968\/revisions\/969"}],"wp:attachment":[{"href":"https:\/\/bcdeportes.com\/index.php?rest_route=%2Fwp%2Fv2%2Fmedia&parent=968"}],"wp:term":[{"taxonomy":"category","embeddable":true,"href":"https:\/\/bcdeportes.com\/index.php?rest_route=%2Fwp%2Fv2%2Fcategories&post=968"},{"taxonomy":"post_tag","embeddable":true,"href":"https:\/\/bcdeportes.com\/index.php?rest_route=%2Fwp%2Fv2%2Ftags&post=968"}],"curies":[{"name":"wp","href":"https:\/\/api.w.org\/{rel}","templated":true}]}}