{"id":7990,"date":"2017-05-29T19:08:56","date_gmt":"2017-05-29T19:08:56","guid":{"rendered":"http:\/\/bcdeportes.com\/?p=7990"},"modified":"2017-05-29T19:08:56","modified_gmt":"2017-05-29T19:08:56","slug":"oro-para-baja-californa-en-fronton","status":"publish","type":"post","link":"https:\/\/bcdeportes.com\/?p=7990","title":{"rendered":"ORO PARA BAJA CALIFORNA EN FRONT\u00d3N"},"content":{"rendered":"<p class=\"x_MsoNormal\"><span lang=\"ES\">ORO PARA BAJA CALIFORNA EN FRONT\u00d3N<\/span><\/p>\n<p class=\"x_MsoNormal\"><span lang=\"ES\">MONTERREY, Nuevo Le\u00f3n &#8211; \u00a0Josu\u00e9 Becerra obtuvo la primera medalla de oro para Baja California en la competencia de front\u00f3n, que se celebra en la Casa de Raquetas del Centro de Alto Rendimiento \u201cNi\u00f1os H\u00e9roes\u201d.<\/span><\/p>\n<p class=\"x_MsoNormal\"><span lang=\"ES\">Becerra gan\u00f3 el torneo de Paleta con Pelota de Goma Individual categor\u00eda Juvenil \u201cC\u201d, correspondiente al Nacional Juvenil (18-20 a\u00f1os) luego de vencer por 20-11 al representante de Jalisco.<\/span><\/p>\n<p class=\"x_MsoNormal\"><span lang=\"ES\">\u201cFue un d\u00eda muy cansado, en el que hab\u00eda que aclimatarse, ya que jugar a estas temperaturas es muy dif\u00edcil, aun as\u00ed, la preparaci\u00f3n f\u00edsica que tuvimos ah\u00ed en Ensenada fue muy buena y as\u00ed pudimos afinar estos detalles\u201d, explic\u00f3.<\/span><\/p>\n<p class=\"x_MsoNormal\"><span lang=\"ES\">\u201cAl momento de la final, siento que llegu\u00e9 m\u00e1s fresco que ellos y eso me benefici\u00f3 mucho al momento de ir por la medalla\u201d, dijo.<\/span><\/p>\n<p class=\"x_MsoNormal\"><span lang=\"ES\">Esta fue la cuarta medalla para el selectivo de Baja California, ya que previamente se hab\u00eda culminado con plata con Bianca Osuna en Frontenis Femenil Individual, categor\u00eda Juvenil A dentro de la competencia de Olimpiada Nacional.<\/span><\/p>\n<p class=\"x_MsoNormal\"><span lang=\"ES\">Tambi\u00e9n se hab\u00edan ganado dos bronces en la categor\u00eda Juvenil C Femenil en las competencias de Paleta con Pelota de Goma tres paredes y Trinquete con Paleta y Pelota de Goma con Jocelyn Arandai y Ver\u00f3nica de la Fuente.<\/span><\/p>\n","protected":false},"excerpt":{"rendered":"<div class=\"mh-excerpt\"><p>ORO PARA BAJA CALIFORNA EN FRONT\u00d3N MONTERREY, Nuevo Le\u00f3n &#8211; \u00a0Josu\u00e9 Becerra obtuvo la primera medalla de oro para Baja California en la competencia de <a class=\"mh-excerpt-more\" href=\"https:\/\/bcdeportes.com\/?p=7990\" title=\"ORO PARA BAJA CALIFORNA EN FRONT\u00d3N\">[&#8230;]<\/a><\/p>\n<\/div>","protected":false},"author":2,"featured_media":7991,"comment_status":"closed","ping_status":"closed","sticky":false,"template":"","format":"standard","meta":{"footnotes":""},"categories":[8],"tags":[],"class_list":["post-7990","post","type-post","status-publish","format-standard","has-post-thumbnail","hentry","category-inde"],"_links":{"self":[{"href":"https:\/\/bcdeportes.com\/index.php?rest_route=\/wp\/v2\/posts\/7990","targetHints":{"allow":["GET"]}}],"collection":[{"href":"https:\/\/bcdeportes.com\/index.php?rest_route=\/wp\/v2\/posts"}],"about":[{"href":"https:\/\/bcdeportes.com\/index.php?rest_route=\/wp\/v2\/types\/post"}],"author":[{"embeddable":true,"href":"https:\/\/bcdeportes.com\/index.php?rest_route=\/wp\/v2\/users\/2"}],"replies":[{"embeddable":true,"href":"https:\/\/bcdeportes.com\/index.php?rest_route=%2Fwp%2Fv2%2Fcomments&post=7990"}],"version-history":[{"count":1,"href":"https:\/\/bcdeportes.com\/index.php?rest_route=\/wp\/v2\/posts\/7990\/revisions"}],"predecessor-version":[{"id":7992,"href":"https:\/\/bcdeportes.com\/index.php?rest_route=\/wp\/v2\/posts\/7990\/revisions\/7992"}],"wp:featuredmedia":[{"embeddable":true,"href":"https:\/\/bcdeportes.com\/index.php?rest_route=\/wp\/v2\/media\/7991"}],"wp:attachment":[{"href":"https:\/\/bcdeportes.com\/index.php?rest_route=%2Fwp%2Fv2%2Fmedia&parent=7990"}],"wp:term":[{"taxonomy":"category","embeddable":true,"href":"https:\/\/bcdeportes.com\/index.php?rest_route=%2Fwp%2Fv2%2Fcategories&post=7990"},{"taxonomy":"post_tag","embeddable":true,"href":"https:\/\/bcdeportes.com\/index.php?rest_route=%2Fwp%2Fv2%2Ftags&post=7990"}],"curies":[{"name":"wp","href":"https:\/\/api.w.org\/{rel}","templated":true}]}}