{"id":70,"date":"2015-03-19T20:58:46","date_gmt":"2015-03-19T20:58:46","guid":{"rendered":"http:\/\/bcdeportes.com\/?p=70"},"modified":"2015-03-19T20:58:46","modified_gmt":"2015-03-19T20:58:46","slug":"lista-seleccion-2006-de-futbol-de-ensenada","status":"publish","type":"post","link":"https:\/\/bcdeportes.com\/?p=70","title":{"rendered":"Lista Selecci\u00f3n 2006 de Futbol de Ensenada"},"content":{"rendered":"<p>Van Al Estatal de Futbol a Tecate<\/p>\n<p>Lista Selecci\u00f3n 2006 de Ensenada<\/p>\n<p>Dirigidos Por Jos\u00e9 Vea<\/p>\n<p>ENSENADA.- El futbol Infantil y Juvenil de Ensenada ya tiene lista las selecciones Roja y Blanca con la participara en el campeonato estatal a celebrarse este fin de semana en la ciudad de Tecate en certamen que es avalado por la Asociaci\u00f3n Estatal de futbol de Baja California.<\/p>\n<p>Fernando Castillo, presidente de la Liga, informo que las selecci\u00f3n van comandadas por Jos\u00e9 Vea al frente de la escuadra Roja y Ricardo Guti\u00e9rrez a cargo de la Blanca.<\/p>\n<p>Ambos conjuntos representantes de la Liga Municipal de futbol Infantil y Juvenil, estar\u00e1n viajando el viernes al medio d\u00eda a la ciudad de Tecate para cumplir sus compromisos de la primera ronda, siendo el primero el viernes a las 18:00 horas, el segundo a las 9 de la ma\u00f1ana y el tercero a las 18:30 horas.<\/p>\n<p>La selecci\u00f3n Roja comandada por Jos\u00e9 Vea esta integrada por los jugadores:<\/p>\n<p>1.- Gael Alejandro Partida Murgu\u00eda<br \/>\n2.- Luis \u00c1ngel Romero Ram\u00edrez<br \/>\n3.- Ram\u00f3n Aguilar Andrade<br \/>\n4.- Michael Topete Reyes<br \/>\n5.- Gerardo Eliu Mar\u00edn Parma<br \/>\n6.- Isaac Wong Pe\u00f1uelas<br \/>\n7.- Diego Emilio S\u00e1nchez Torres<br \/>\n8.- Santiago Rom\u00e1n Valdez<br \/>\n9.- Miguel Axel Olivares<br \/>\n10.- Juan Carlos Balc\u00e1zar Cabrales<br \/>\n11.- Diego Armando Atondo Ram\u00edrez<br \/>\n12.- Jos\u00e9 Rodolfo Contreras Miranda<br \/>\n13.- \u00c1ngel Roberto Irigoyen Villa<br \/>\n14.- Jes\u00fas Raymundo Licona Espinoza<br \/>\n15.- Luis Fernando D\u00e1vila Peralta<br \/>\n16.- Carlos Gabriel Camacho Castro<\/p>\n","protected":false},"excerpt":{"rendered":"<div class=\"mh-excerpt\"><p>Van Al Estatal de Futbol a Tecate Lista Selecci\u00f3n 2006 de Ensenada Dirigidos Por Jos\u00e9 Vea ENSENADA.- El futbol Infantil y Juvenil de Ensenada ya <a class=\"mh-excerpt-more\" href=\"https:\/\/bcdeportes.com\/?p=70\" title=\"Lista Selecci\u00f3n 2006 de Futbol de Ensenada\">[&#8230;]<\/a><\/p>\n<\/div>","protected":false},"author":2,"featured_media":0,"comment_status":"open","ping_status":"open","sticky":false,"template":"","format":"standard","meta":{"footnotes":""},"categories":[3],"tags":[],"class_list":["post-70","post","type-post","status-publish","format-standard","hentry","category-futbol"],"_links":{"self":[{"href":"https:\/\/bcdeportes.com\/index.php?rest_route=\/wp\/v2\/posts\/70","targetHints":{"allow":["GET"]}}],"collection":[{"href":"https:\/\/bcdeportes.com\/index.php?rest_route=\/wp\/v2\/posts"}],"about":[{"href":"https:\/\/bcdeportes.com\/index.php?rest_route=\/wp\/v2\/types\/post"}],"author":[{"embeddable":true,"href":"https:\/\/bcdeportes.com\/index.php?rest_route=\/wp\/v2\/users\/2"}],"replies":[{"embeddable":true,"href":"https:\/\/bcdeportes.com\/index.php?rest_route=%2Fwp%2Fv2%2Fcomments&post=70"}],"version-history":[{"count":1,"href":"https:\/\/bcdeportes.com\/index.php?rest_route=\/wp\/v2\/posts\/70\/revisions"}],"predecessor-version":[{"id":72,"href":"https:\/\/bcdeportes.com\/index.php?rest_route=\/wp\/v2\/posts\/70\/revisions\/72"}],"wp:attachment":[{"href":"https:\/\/bcdeportes.com\/index.php?rest_route=%2Fwp%2Fv2%2Fmedia&parent=70"}],"wp:term":[{"taxonomy":"category","embeddable":true,"href":"https:\/\/bcdeportes.com\/index.php?rest_route=%2Fwp%2Fv2%2Fcategories&post=70"},{"taxonomy":"post_tag","embeddable":true,"href":"https:\/\/bcdeportes.com\/index.php?rest_route=%2Fwp%2Fv2%2Ftags&post=70"}],"curies":[{"name":"wp","href":"https:\/\/api.w.org\/{rel}","templated":true}]}}