{"id":61,"date":"2015-03-19T20:46:54","date_gmt":"2015-03-19T20:46:54","guid":{"rendered":"http:\/\/bcdeportes.com\/?p=61"},"modified":"2015-03-19T20:46:54","modified_gmt":"2015-03-19T20:46:54","slug":"javier-guemez-xoloitzcuintle-de-seleccion","status":"publish","type":"post","link":"https:\/\/bcdeportes.com\/?p=61","title":{"rendered":"JAVIER G\u00dc\u00c9MEZ, XOLOITZCUINTLE DE SELECCI\u00d3N"},"content":{"rendered":"<p><strong>JAVIER G<\/strong><strong>\u00dc\u00c9<\/strong><strong>MEZ, XOLOITZCUINTLE DE SELECCI<\/strong><strong>\u00d3<\/strong><strong>N<\/strong><\/p>\n<p>&#8211; El mediocampista disputar\u00e1 con el tricolor los duelos amistosos ante Ecuador y Paraguay<\/p>\n<p>Tijuana, Baja California, 18 de marzo de 2015.- El Xoloitzcuintle Javier G\u00fc\u00e9mez fue convocado por segunda ocasi\u00f3n a la Selecci\u00f3n Mexicana. El jugador de 23 a\u00f1os, es parte de la lista que esta ma\u00f1ana dio a conocer la Federaci\u00f3n Mexicana de Futbol de cara a los partidos amistosos ante Ecuador y Paraguay.<\/p>\n<p>\u00abTengo mucha alegr\u00eda, mucha ansiedad por ya estar all\u00e1, es uno de los objetivos que tengo planeados durante mi carrera y es un sue\u00f1o. Es un paso, queda mucho camino, mucho que demostrar y desarrollar, mi objetivo es poder ser un referente, consolidarme en selecci\u00f3n y poder jugar un mundial\u201d, dijo el mediocampista.<\/p>\n<p>El primer llamado para G\u00fc\u00e9mez se dio en el 2014, cuando M\u00e9xico jug\u00f3 contra Honduras y Panam\u00e1. El jugador rojinegro entro de cambio contra Honduras al minuto 67 realizando su debut oficial y jug\u00f3 23 minutos. Contra Panam\u00e1 G\u00fc\u00e9mez apareci\u00f3 en la alineaci\u00f3n titular y disput\u00f3 54 minutos.<\/p>\n<p>\u00abVoy representando a una gran instituci\u00f3n, a much\u00edsimos de mis compa\u00f1eros que creo pudieron tambi\u00e9n tener un llamado y es una responsabilidad muy grande demostrar porque nos llaman\u00bb, mencion\u00f3 G\u00fc\u00e9mez. \u00abCreo que desde el momento que estas ah\u00ed y llegas siendo nuevo, te integran r\u00e1pidamente al grupo y creo que eso facilita las cosas para que uno se adapte\u00bb.<\/p>\n<p>Club Tijuana es actualmente el l\u00edder general del Clausura 2015. En los 10 partidos disputados, Javier G\u00fc\u00e9mez ha sido parte fundamental del esquema de Daniel Guzm\u00e1n acumulado 875 minutos en la cancha.<\/p>\n<p>\u201cSaben que es una instituci\u00f3n joven (Xoloitzcuintles), que quiere trascender y que viene trabajando muy bien desde hace a\u00f1os\u201d.<\/p>\n","protected":false},"excerpt":{"rendered":"<div class=\"mh-excerpt\"><p>JAVIER G\u00dc\u00c9MEZ, XOLOITZCUINTLE DE SELECCI\u00d3N &#8211; El mediocampista disputar\u00e1 con el tricolor los duelos amistosos ante Ecuador y Paraguay Tijuana, Baja California, 18 de marzo <a class=\"mh-excerpt-more\" href=\"https:\/\/bcdeportes.com\/?p=61\" title=\"JAVIER G\u00dc\u00c9MEZ, XOLOITZCUINTLE DE SELECCI\u00d3N\">[&#8230;]<\/a><\/p>\n<\/div>","protected":false},"author":2,"featured_media":0,"comment_status":"open","ping_status":"open","sticky":false,"template":"","format":"standard","meta":{"footnotes":""},"categories":[3],"tags":[],"class_list":["post-61","post","type-post","status-publish","format-standard","hentry","category-futbol"],"_links":{"self":[{"href":"https:\/\/bcdeportes.com\/index.php?rest_route=\/wp\/v2\/posts\/61","targetHints":{"allow":["GET"]}}],"collection":[{"href":"https:\/\/bcdeportes.com\/index.php?rest_route=\/wp\/v2\/posts"}],"about":[{"href":"https:\/\/bcdeportes.com\/index.php?rest_route=\/wp\/v2\/types\/post"}],"author":[{"embeddable":true,"href":"https:\/\/bcdeportes.com\/index.php?rest_route=\/wp\/v2\/users\/2"}],"replies":[{"embeddable":true,"href":"https:\/\/bcdeportes.com\/index.php?rest_route=%2Fwp%2Fv2%2Fcomments&post=61"}],"version-history":[{"count":1,"href":"https:\/\/bcdeportes.com\/index.php?rest_route=\/wp\/v2\/posts\/61\/revisions"}],"predecessor-version":[{"id":63,"href":"https:\/\/bcdeportes.com\/index.php?rest_route=\/wp\/v2\/posts\/61\/revisions\/63"}],"wp:attachment":[{"href":"https:\/\/bcdeportes.com\/index.php?rest_route=%2Fwp%2Fv2%2Fmedia&parent=61"}],"wp:term":[{"taxonomy":"category","embeddable":true,"href":"https:\/\/bcdeportes.com\/index.php?rest_route=%2Fwp%2Fv2%2Fcategories&post=61"},{"taxonomy":"post_tag","embeddable":true,"href":"https:\/\/bcdeportes.com\/index.php?rest_route=%2Fwp%2Fv2%2Ftags&post=61"}],"curies":[{"name":"wp","href":"https:\/\/api.w.org\/{rel}","templated":true}]}}