{"id":6022,"date":"2016-10-28T18:33:14","date_gmt":"2016-10-28T18:33:14","guid":{"rendered":"http:\/\/bcdeportes.com\/?p=6022"},"modified":"2016-10-29T18:35:52","modified_gmt":"2016-10-29T18:35:52","slug":"titular-del-inde-se-integra-al-comite-ejecutivo-del-com","status":"publish","type":"post","link":"https:\/\/bcdeportes.com\/?p=6022","title":{"rendered":"TITULAR DEL INDE SE INTEGRA AL COMIT\u00c9 EJECUTIVO DEL COM"},"content":{"rendered":"<p>TITULAR DEL INDE SE INTEGRA AL COMIT\u00c9 EJECUTIVO DEL COMIT\u00c9 OL\u00cdMPICO MEXICANO<\/p>\n<p>LOMAS DE SOTELO, Ciudad de M\u00e9xico \u2013 El nuevo comit\u00e9 ejecutivo del Comit\u00e9 Ol\u00edmpico Mexicano qued\u00f3 integrado este jueves, luego de la asamblea celebrada en las instalaciones del CDOM en la capital del pa\u00eds.<\/p>\n<p>En dicha asamblea estuvo presente el Director General del Instituto del Deporte y la Cultura F\u00edsica de Baja California, Sa\u00fal Castro Verdugo, quien a partir de hoy forma parte del comit\u00e9 Ejecutivo del COM como vocal.<\/p>\n<p>El Director del INDE, ya pertenec\u00eda al organismo desde 2010 en calidad de miembro permanente dentro del ente rector del olimpismo en M\u00e9xico.<\/p>\n<p>En la sesi\u00f3n efectuada en el Sal\u00f3n de la Presidencia del Centro Deportivo Ol\u00edmpico, fue reelegido como presidente Carlos Padilla Becerra, mientras que en calidad de vicepresidente qued\u00f3 Jimena Salda\u00f1a, y como segundo vicepresidente, el actual titular de la Federaci\u00f3n Mexicana de F\u00fatbol, Decio de Mar\u00eda Serrano.<\/p>\n<p>Castro Verdugo, se incorpora al comit\u00e9 como uno de los vocales al lado de Carmen Garc\u00eda, Juan Manzo y Francisco Echeguren.<\/p>\n<p>En calidad de vocal deportista, figura la medallista ol\u00edmpica de Clavados en Londres 2012, Laura S\u00e1nchez. Por su parte, como Secretario General figurar\u00e1 Mario Garc\u00eda, titular de la Federaci\u00f3n Mexicana de Handball y Jefe de Misi\u00f3n en R\u00edo 2016.<\/p>\n<p>Pedro Cuervo Aja, titular de la Federaci\u00f3n Mexicana de Remo, fue designado Pro Secretario y Pablo Suinaga se desempe\u00f1ar\u00e1 como tesorero.<\/p>\n<p>El comit\u00e9 ejecutivo que result\u00f3 conformado en la asamblea, entra ya en funciones por los pr\u00f3ximos cuatro a\u00f1os.<\/p>\n<p>&nbsp;<\/p>\n","protected":false},"excerpt":{"rendered":"<div class=\"mh-excerpt\"><p>TITULAR DEL INDE SE INTEGRA AL COMIT\u00c9 EJECUTIVO DEL COMIT\u00c9 OL\u00cdMPICO MEXICANO LOMAS DE SOTELO, Ciudad de M\u00e9xico \u2013 El nuevo comit\u00e9 ejecutivo del Comit\u00e9 <a class=\"mh-excerpt-more\" href=\"https:\/\/bcdeportes.com\/?p=6022\" title=\"TITULAR DEL INDE SE INTEGRA AL COMIT\u00c9 EJECUTIVO DEL COM\">[&#8230;]<\/a><\/p>\n<\/div>","protected":false},"author":2,"featured_media":6023,"comment_status":"closed","ping_status":"closed","sticky":false,"template":"","format":"standard","meta":{"footnotes":""},"categories":[8],"tags":[],"class_list":["post-6022","post","type-post","status-publish","format-standard","has-post-thumbnail","hentry","category-inde"],"_links":{"self":[{"href":"https:\/\/bcdeportes.com\/index.php?rest_route=\/wp\/v2\/posts\/6022","targetHints":{"allow":["GET"]}}],"collection":[{"href":"https:\/\/bcdeportes.com\/index.php?rest_route=\/wp\/v2\/posts"}],"about":[{"href":"https:\/\/bcdeportes.com\/index.php?rest_route=\/wp\/v2\/types\/post"}],"author":[{"embeddable":true,"href":"https:\/\/bcdeportes.com\/index.php?rest_route=\/wp\/v2\/users\/2"}],"replies":[{"embeddable":true,"href":"https:\/\/bcdeportes.com\/index.php?rest_route=%2Fwp%2Fv2%2Fcomments&post=6022"}],"version-history":[{"count":1,"href":"https:\/\/bcdeportes.com\/index.php?rest_route=\/wp\/v2\/posts\/6022\/revisions"}],"predecessor-version":[{"id":6024,"href":"https:\/\/bcdeportes.com\/index.php?rest_route=\/wp\/v2\/posts\/6022\/revisions\/6024"}],"wp:featuredmedia":[{"embeddable":true,"href":"https:\/\/bcdeportes.com\/index.php?rest_route=\/wp\/v2\/media\/6023"}],"wp:attachment":[{"href":"https:\/\/bcdeportes.com\/index.php?rest_route=%2Fwp%2Fv2%2Fmedia&parent=6022"}],"wp:term":[{"taxonomy":"category","embeddable":true,"href":"https:\/\/bcdeportes.com\/index.php?rest_route=%2Fwp%2Fv2%2Fcategories&post=6022"},{"taxonomy":"post_tag","embeddable":true,"href":"https:\/\/bcdeportes.com\/index.php?rest_route=%2Fwp%2Fv2%2Ftags&post=6022"}],"curies":[{"name":"wp","href":"https:\/\/api.w.org\/{rel}","templated":true}]}}