{"id":6017,"date":"2016-10-28T18:22:52","date_gmt":"2016-10-28T18:22:52","guid":{"rendered":"http:\/\/bcdeportes.com\/?p=6017"},"modified":"2016-10-29T18:27:47","modified_gmt":"2016-10-29T18:27:47","slug":"ensenada-albergara-la-gala-deportiva-2016","status":"publish","type":"post","link":"https:\/\/bcdeportes.com\/?p=6017","title":{"rendered":"ENSENADA ALBERGAR\u00c1 LA GALA DEPORTIVA 2016"},"content":{"rendered":"<p>ENSENADA ALBERGAR\u00c1 LA GALA DEPORTIVA 2016<\/p>\n<p>ENSENADA, Baja California \u2013 La Gala del Deporte en su edici\u00f3n 2016 se llevar\u00e1 a cabo en la Ciudad de Ensenada, como parte de las novedades que desde 2014 ha tenido la ceremonia en la que se entrega el Premio Estatal del Deporte.<\/p>\n<p>El comit\u00e9 a cargo de la realizaci\u00f3n de esta celebraci\u00f3n programada para el 18 de noviembre, sesionar\u00e1 este viernes en el Centro de Alto Rendimiento en Tijuana, donde se analizar\u00e1n los preparativos de cara al evento en el que se reconocer\u00e1 al Mejor Deportista Convencional y al Mejor Deportista Paral\u00edmpico, al igual que al mejor entrenador del A\u00f1o.<\/p>\n<p>Tambi\u00e9n se reconocer\u00e1 al Mejor Promotor Deportivo, al Mejor Dirigente de Asociaci\u00f3n y a los profesionales de la Educaci\u00f3n F\u00edsica.<\/p>\n<p>Entre los detalles que se analizar\u00e1n de igual forma es la reuni\u00f3n con dirigentes de asociaciones en espera de que sigan enviando sus propuestas de candidatos al premio, as\u00ed como todos aquellos contemplados para ser insaculados como parte del jurado.<\/p>\n","protected":false},"excerpt":{"rendered":"<div class=\"mh-excerpt\"><p>ENSENADA ALBERGAR\u00c1 LA GALA DEPORTIVA 2016 ENSENADA, Baja California \u2013 La Gala del Deporte en su edici\u00f3n 2016 se llevar\u00e1 a cabo en la Ciudad <a class=\"mh-excerpt-more\" href=\"https:\/\/bcdeportes.com\/?p=6017\" title=\"ENSENADA ALBERGAR\u00c1 LA GALA DEPORTIVA 2016\">[&#8230;]<\/a><\/p>\n<\/div>","protected":false},"author":2,"featured_media":6018,"comment_status":"closed","ping_status":"closed","sticky":false,"template":"","format":"standard","meta":{"footnotes":""},"categories":[8],"tags":[],"class_list":["post-6017","post","type-post","status-publish","format-standard","has-post-thumbnail","hentry","category-inde"],"_links":{"self":[{"href":"https:\/\/bcdeportes.com\/index.php?rest_route=\/wp\/v2\/posts\/6017","targetHints":{"allow":["GET"]}}],"collection":[{"href":"https:\/\/bcdeportes.com\/index.php?rest_route=\/wp\/v2\/posts"}],"about":[{"href":"https:\/\/bcdeportes.com\/index.php?rest_route=\/wp\/v2\/types\/post"}],"author":[{"embeddable":true,"href":"https:\/\/bcdeportes.com\/index.php?rest_route=\/wp\/v2\/users\/2"}],"replies":[{"embeddable":true,"href":"https:\/\/bcdeportes.com\/index.php?rest_route=%2Fwp%2Fv2%2Fcomments&post=6017"}],"version-history":[{"count":1,"href":"https:\/\/bcdeportes.com\/index.php?rest_route=\/wp\/v2\/posts\/6017\/revisions"}],"predecessor-version":[{"id":6019,"href":"https:\/\/bcdeportes.com\/index.php?rest_route=\/wp\/v2\/posts\/6017\/revisions\/6019"}],"wp:featuredmedia":[{"embeddable":true,"href":"https:\/\/bcdeportes.com\/index.php?rest_route=\/wp\/v2\/media\/6018"}],"wp:attachment":[{"href":"https:\/\/bcdeportes.com\/index.php?rest_route=%2Fwp%2Fv2%2Fmedia&parent=6017"}],"wp:term":[{"taxonomy":"category","embeddable":true,"href":"https:\/\/bcdeportes.com\/index.php?rest_route=%2Fwp%2Fv2%2Fcategories&post=6017"},{"taxonomy":"post_tag","embeddable":true,"href":"https:\/\/bcdeportes.com\/index.php?rest_route=%2Fwp%2Fv2%2Ftags&post=6017"}],"curies":[{"name":"wp","href":"https:\/\/api.w.org\/{rel}","templated":true}]}}