{"id":575,"date":"2015-04-30T05:19:56","date_gmt":"2015-04-30T05:19:56","guid":{"rendered":"http:\/\/bcdeportes.com\/?p=575"},"modified":"2015-04-30T05:19:56","modified_gmt":"2015-04-30T05:19:56","slug":"tiene-andres-olvera-maletas-listas-para-toronto","status":"publish","type":"post","link":"https:\/\/bcdeportes.com\/?p=575","title":{"rendered":"TIENE ANDR\u00c9S OLVERA MALETAS LISTAS PARA TORONTO"},"content":{"rendered":"<p class=\"ecxMsoNormal\"><b>TIENE ANDR\u00c9S OLVERA MALETAS LISTAS PARA TORONTO\u00a0<\/b><\/p>\n<p class=\"ecxMsoNormal\">\n<p class=\"ecxMsoNormal\"><b><i>Se convirti\u00f3 en el tercer representante peninsular que integrar\u00e1 la selecci\u00f3n mexicana de nataci\u00f3n en Juegos Panamericanos.<\/i><\/b><\/p>\n<p class=\"ecxMsoNormal\">\n<p class=\"ecxMsoNormal\">MONTERREY, Nuevo Le\u00f3n &#8211; El bajacaliforniano Julio Andr\u00e9s Olvera Alejos dio cierre a las acciones de la nataci\u00f3n de la Olimpiada Nacional al conseguir su pase a los Juegos Panamericanos de Toronto.<\/p>\n<p class=\"ecxMsoNormal\">Olvera Alejos super\u00f3 la marca requerida para asegurar uno de los boletos disponibles al certamen continental que se realizar\u00e1 en tierras canadienses el pr\u00f3ximo mes de julio.<\/p>\n<p class=\"ecxMsoNormal\">El trit\u00f3n peninsular cronometr\u00f3 un tiempo de 4:29.98 en la prueba de 400 metros libres combinado individual categor\u00eda abierta, finalizando en segundo sitio.<\/p>\n<p class=\"ecxMsoNormal\">La primera posici\u00f3n qued\u00f3 en poder de Juan Manuel del Pino, del Estado de M\u00e9xico, cuyo crono fue de 4:26.12. Con estos cronos, el viaje hacia Canad\u00e1 qued\u00f3 en manos del mexiquense y del bajacaliforniano.<\/p>\n<p class=\"ecxMsoNormal\">Por su parte, el tercer sitio fue para Ricardo David Vargas, del estado de Morelos, quien cerr\u00f3 con 4:30:72.<\/p>\n<p class=\"ecxMsoNormal\">\u201cAl final de cuentas se consigui\u00f3 el objetivo que era el pase a Panamericanos y ahora tengo muy clara mi meta para los Panamericanos, esa meta es trabajar todo lo posible para mejorar mis marcas\u201d, mencion\u00f3 el seleccionado nacional, quien se suma a Arturo P\u00e9rez Vertti y a Arantxa Medina, como parte de los representantes peninsulares que estar\u00e1n en el contingente mexicano.<\/p>\n<p class=\"ecxMsoNormal\">Olvera reconoci\u00f3 que hay factores por corregir y mejorar, los cuales identific\u00f3 durante la competencia en Monterrey.<\/p>\n<p class=\"ecxMsoNormal\">La preparaci\u00f3n previa fue de cinco meses, considerando que tambi\u00e9n estuvo en los Juegos Centroamericanos, junto el Mundial de Curso Corto en Doha, Qatar, adem\u00e1s de la temporada de curso corto. \u201cPude salir adelante, aunque me encontraba descendido, por eso puedo decir que no estoy tan satisfecho del todo\u201d, expuso.<\/p>\n<p class=\"ecxMsoNormal\">\u201cAl final se consigui\u00f3 el objetivo pero tengo muy en claro todo lo que tengo que hacer, estoy listo para todos los retos y demostrar en Panamericanos de lo que estoy hecho\u201d.<\/p>\n<p class=\"ecxMsoNormal\">\n<p class=\"ecxMsoNormal\"><b>Cierran con m\u00e1s podios<\/b><\/p>\n<p class=\"ecxMsoNormal\">En cuanto a las medallas con las que se dio cierre formal a la nataci\u00f3n destacaron en la jornada nocturna las platas obtenidas por H\u00e9ctor Ruvalcaba (17-18, 400 metros combinado individual), Luis Fernando Gonz\u00e1lez (13-14, 400 metros combinado individual)y Arianna Alarc\u00f3n (11-12 a\u00f1os, pruebas puntuables).<\/p>\n<p class=\"ecxMsoNormal\">Tambi\u00e9n se obtuvo un bronce con Karla Estanga (15-16, 100 metros bronce).<\/p>\n<p class=\"ecxMsoNormal\">Estas medallas complementaron los dos oros y las dos platas que se ganaron en las competencias de relevos durante la sesi\u00f3n matutina en el Complejo Acu\u00e1tico de la Universidad Aut\u00f3noma de Nuevo Le\u00f3n.<\/p>\n<p class=\"ecxMsoNormal\">Baja California cerr\u00f3 su participaci\u00f3n este a\u00f1o con ocho t\u00edtulos nacionales y tres atletas de primera fuerza clasificados a Juegos Panamericanos.<\/p>\n","protected":false},"excerpt":{"rendered":"<div class=\"mh-excerpt\"><p>TIENE ANDR\u00c9S OLVERA MALETAS LISTAS PARA TORONTO\u00a0 Se convirti\u00f3 en el tercer representante peninsular que integrar\u00e1 la selecci\u00f3n mexicana de nataci\u00f3n en Juegos Panamericanos. MONTERREY, <a class=\"mh-excerpt-more\" href=\"https:\/\/bcdeportes.com\/?p=575\" title=\"TIENE ANDR\u00c9S OLVERA MALETAS LISTAS PARA TORONTO\">[&#8230;]<\/a><\/p>\n<\/div>","protected":false},"author":2,"featured_media":0,"comment_status":"open","ping_status":"open","sticky":false,"template":"","format":"standard","meta":{"footnotes":""},"categories":[19],"tags":[],"class_list":["post-575","post","type-post","status-publish","format-standard","hentry","category-on2015"],"_links":{"self":[{"href":"https:\/\/bcdeportes.com\/index.php?rest_route=\/wp\/v2\/posts\/575","targetHints":{"allow":["GET"]}}],"collection":[{"href":"https:\/\/bcdeportes.com\/index.php?rest_route=\/wp\/v2\/posts"}],"about":[{"href":"https:\/\/bcdeportes.com\/index.php?rest_route=\/wp\/v2\/types\/post"}],"author":[{"embeddable":true,"href":"https:\/\/bcdeportes.com\/index.php?rest_route=\/wp\/v2\/users\/2"}],"replies":[{"embeddable":true,"href":"https:\/\/bcdeportes.com\/index.php?rest_route=%2Fwp%2Fv2%2Fcomments&post=575"}],"version-history":[{"count":1,"href":"https:\/\/bcdeportes.com\/index.php?rest_route=\/wp\/v2\/posts\/575\/revisions"}],"predecessor-version":[{"id":577,"href":"https:\/\/bcdeportes.com\/index.php?rest_route=\/wp\/v2\/posts\/575\/revisions\/577"}],"wp:attachment":[{"href":"https:\/\/bcdeportes.com\/index.php?rest_route=%2Fwp%2Fv2%2Fmedia&parent=575"}],"wp:term":[{"taxonomy":"category","embeddable":true,"href":"https:\/\/bcdeportes.com\/index.php?rest_route=%2Fwp%2Fv2%2Fcategories&post=575"},{"taxonomy":"post_tag","embeddable":true,"href":"https:\/\/bcdeportes.com\/index.php?rest_route=%2Fwp%2Fv2%2Ftags&post=575"}],"curies":[{"name":"wp","href":"https:\/\/api.w.org\/{rel}","templated":true}]}}