{"id":5541,"date":"2016-09-08T10:42:27","date_gmt":"2016-09-08T10:42:27","guid":{"rendered":"http:\/\/bcdeportes.com\/?p=5541"},"modified":"2016-09-08T19:44:37","modified_gmt":"2016-09-08T19:44:37","slug":"cuervos-jap-ensenada-se-mide-a-xolos","status":"publish","type":"post","link":"https:\/\/bcdeportes.com\/?p=5541","title":{"rendered":"Cuervos JAP Ensenada se Mide a Xolos"},"content":{"rendered":"<p class=\"xmsonormal\" style=\"margin: 0cm; margin-bottom: .0001pt;\">En el estadio Caliente<\/p>\n<p class=\"xmsonormal\" style=\"margin: 0cm; margin-bottom: .0001pt;\">\n<p class=\"xmsonormal\" style=\"margin: 0cm; margin-bottom: .0001pt;\">Cuervos JAP Ensenada se Mide a Xolos<\/p>\n<p class=\"xmsonormal\" style=\"margin: 0cm; margin-bottom: .0001pt;\">\n<p class=\"xmsonormal\" style=\"margin: 0cm; margin-bottom: .0001pt;\">En la Segunda Divisi\u00f3n Premier<\/p>\n<p class=\"xmsonormal\" style=\"margin: 0cm; margin-bottom: .0001pt;\">\n<p class=\"xmsonormal\" style=\"margin: 0cm; margin-bottom: .0001pt;\">ENSENADA.- Los Cuervos JAP de Ensenada cerraron su preparaci\u00f3n ayer en el campo 3 de la ciudad deportiva con miras de viajar este d\u00eda a Tijuana para jugar contra los Xoloitzcuintles en el estadio Caliente a partir de las 10:00 horas con la base del plantel que ha sumado triunfos consecutivos en el torneo Apertura 2016 de la Segunda Divisi\u00f3n Premier.<\/p>\n<p class=\"xmsonormal\" style=\"margin: 0cm; margin-bottom: .0001pt;\">El t\u00e9cnico Francisco Hern\u00e1ndez se\u00f1al\u00f3 que tanto Andrew S\u00e1nchez como Jansen Eduardo Santos podr\u00e1n hacer pareja en la defensa central despu\u00e9s de que los dos zagueros han superados\u00a0golpes en la cabeza sufridos\u00a0durante la victoria de 3-1 sobre Murci\u00e9lagos el domingo pasado.<\/p>\n<p class=\"xmsonormal\" style=\"margin: 0cm; margin-bottom: .0001pt;\">Tambi\u00e9n estar\u00e1 en condiciones de iniciar el volante de contenci\u00f3n y anotador de tres goles en lo que va del torneo,\u00a0Josu\u00e9 Aguilar, que ingres\u00f3 en el segundo tiempo contra Murci\u00e9lagos por molestias f\u00edsicas ya superadas.<\/p>\n<p class=\"xmsonormal\" style=\"margin: 0cm; margin-bottom: .0001pt;\">La \u00fanica baja confirmada es la del mediocampista Luis Miguel Olvera, quien se lesion\u00f3 la rodilla en el duelo de la fecha tres ganado por Cuervos 1-0 ante Santos en Torre\u00f3n y podr\u00eda reaparecer hasta la fecha seis cuando las Chivas del Guadalajara visiten el estadio de Ciudad Deportiva.<\/p>\n<p class=\"xmsonormal\" style=\"margin: 0cm; margin-bottom: .0001pt;\">Los Cuervos ocupan el cuarto lugar del Grupo 1 con ocho puntos, uno menos que los Xolos que son terceros del sector.<\/p>\n","protected":false},"excerpt":{"rendered":"<div class=\"mh-excerpt\"><p>En el estadio Caliente Cuervos JAP Ensenada se Mide a Xolos En la Segunda Divisi\u00f3n Premier ENSENADA.- Los Cuervos JAP de Ensenada cerraron su preparaci\u00f3n <a class=\"mh-excerpt-more\" href=\"https:\/\/bcdeportes.com\/?p=5541\" title=\"Cuervos JAP Ensenada se Mide a Xolos\">[&#8230;]<\/a><\/p>\n<\/div>","protected":false},"author":2,"featured_media":5542,"comment_status":"closed","ping_status":"closed","sticky":false,"template":"","format":"standard","meta":{"footnotes":""},"categories":[3],"tags":[],"class_list":["post-5541","post","type-post","status-publish","format-standard","has-post-thumbnail","hentry","category-futbol"],"_links":{"self":[{"href":"https:\/\/bcdeportes.com\/index.php?rest_route=\/wp\/v2\/posts\/5541","targetHints":{"allow":["GET"]}}],"collection":[{"href":"https:\/\/bcdeportes.com\/index.php?rest_route=\/wp\/v2\/posts"}],"about":[{"href":"https:\/\/bcdeportes.com\/index.php?rest_route=\/wp\/v2\/types\/post"}],"author":[{"embeddable":true,"href":"https:\/\/bcdeportes.com\/index.php?rest_route=\/wp\/v2\/users\/2"}],"replies":[{"embeddable":true,"href":"https:\/\/bcdeportes.com\/index.php?rest_route=%2Fwp%2Fv2%2Fcomments&post=5541"}],"version-history":[{"count":1,"href":"https:\/\/bcdeportes.com\/index.php?rest_route=\/wp\/v2\/posts\/5541\/revisions"}],"predecessor-version":[{"id":5543,"href":"https:\/\/bcdeportes.com\/index.php?rest_route=\/wp\/v2\/posts\/5541\/revisions\/5543"}],"wp:featuredmedia":[{"embeddable":true,"href":"https:\/\/bcdeportes.com\/index.php?rest_route=\/wp\/v2\/media\/5542"}],"wp:attachment":[{"href":"https:\/\/bcdeportes.com\/index.php?rest_route=%2Fwp%2Fv2%2Fmedia&parent=5541"}],"wp:term":[{"taxonomy":"category","embeddable":true,"href":"https:\/\/bcdeportes.com\/index.php?rest_route=%2Fwp%2Fv2%2Fcategories&post=5541"},{"taxonomy":"post_tag","embeddable":true,"href":"https:\/\/bcdeportes.com\/index.php?rest_route=%2Fwp%2Fv2%2Ftags&post=5541"}],"curies":[{"name":"wp","href":"https:\/\/api.w.org\/{rel}","templated":true}]}}