{"id":45071,"date":"2026-08-31T14:01:28","date_gmt":"2026-08-31T21:01:28","guid":{"rendered":"https:\/\/bcdeportes.com\/?p=45071"},"modified":"2026-08-31T14:01:29","modified_gmt":"2026-08-31T21:01:29","slug":"el-ensenadense-eder-frayre-brilla-en-la-philadelphia-classic","status":"publish","type":"post","link":"https:\/\/bcdeportes.com\/?p=45071","title":{"rendered":"El Ensenadense Eder Frayre, Brilla en la Philadelphia Classic"},"content":{"rendered":"\n<p>Eder Frayre, brilla en la Philadelphia Classic<\/p>\n\n\n\n<p>El bajacaliforniano Eder Frayre cerr\u00f3 la Philadelphia Classic con un gran octavo lugar, despu\u00e9s de recorrer 200 kil\u00f3metros en 4:21:17 horas y medirse de t\u00fa a t\u00fa con algunos de los mejores ciclistas del mundo.<\/p>\n\n\n\n<p>A solo 22 segundos del ganador, Frayre confirm\u00f3 que llega en gran momento a la recta final de la temporada y con el ritmo necesario para enfrentar el pr\u00f3ximo gran reto: el Campeonato Mundial de Ciclismo de Ruta 2026, en Montreal, Canad\u00e1. <\/p>\n\n\n\n<p>\u201cMuy contento de poder estar al mismo nivel frente a algunos de los mejores corredores del mundo y, sobre todo, de seguir vigente y competitivo\u201d, comparti\u00f3 Frayre.<\/p>\n\n\n\n<p>En Montreal, Eder formar\u00e1 parte de la Selecci\u00f3n Mexicana y tendr\u00e1 la misi\u00f3n de respaldar a su compa\u00f1ero y tambi\u00e9n bajacaliforniano Isaac del Toro<\/p>\n","protected":false},"excerpt":{"rendered":"<div class=\"mh-excerpt\"><p>Eder Frayre, brilla en la Philadelphia Classic El bajacaliforniano Eder Frayre cerr\u00f3 la Philadelphia Classic con un gran octavo lugar, despu\u00e9s de recorrer 200 kil\u00f3metros <a class=\"mh-excerpt-more\" href=\"https:\/\/bcdeportes.com\/?p=45071\" title=\"El Ensenadense Eder Frayre, Brilla en la Philadelphia Classic\">[&#8230;]<\/a><\/p>\n<\/div>","protected":false},"author":2,"featured_media":45072,"comment_status":"closed","ping_status":"closed","sticky":false,"template":"","format":"standard","meta":{"footnotes":""},"categories":[8],"tags":[],"class_list":["post-45071","post","type-post","status-publish","format-standard","has-post-thumbnail","hentry","category-inde"],"_links":{"self":[{"href":"https:\/\/bcdeportes.com\/index.php?rest_route=\/wp\/v2\/posts\/45071","targetHints":{"allow":["GET"]}}],"collection":[{"href":"https:\/\/bcdeportes.com\/index.php?rest_route=\/wp\/v2\/posts"}],"about":[{"href":"https:\/\/bcdeportes.com\/index.php?rest_route=\/wp\/v2\/types\/post"}],"author":[{"embeddable":true,"href":"https:\/\/bcdeportes.com\/index.php?rest_route=\/wp\/v2\/users\/2"}],"replies":[{"embeddable":true,"href":"https:\/\/bcdeportes.com\/index.php?rest_route=%2Fwp%2Fv2%2Fcomments&post=45071"}],"version-history":[{"count":1,"href":"https:\/\/bcdeportes.com\/index.php?rest_route=\/wp\/v2\/posts\/45071\/revisions"}],"predecessor-version":[{"id":45073,"href":"https:\/\/bcdeportes.com\/index.php?rest_route=\/wp\/v2\/posts\/45071\/revisions\/45073"}],"wp:featuredmedia":[{"embeddable":true,"href":"https:\/\/bcdeportes.com\/index.php?rest_route=\/wp\/v2\/media\/45072"}],"wp:attachment":[{"href":"https:\/\/bcdeportes.com\/index.php?rest_route=%2Fwp%2Fv2%2Fmedia&parent=45071"}],"wp:term":[{"taxonomy":"category","embeddable":true,"href":"https:\/\/bcdeportes.com\/index.php?rest_route=%2Fwp%2Fv2%2Fcategories&post=45071"},{"taxonomy":"post_tag","embeddable":true,"href":"https:\/\/bcdeportes.com\/index.php?rest_route=%2Fwp%2Fv2%2Ftags&post=45071"}],"curies":[{"name":"wp","href":"https:\/\/api.w.org\/{rel}","templated":true}]}}