{"id":45068,"date":"2026-08-31T13:52:23","date_gmt":"2026-08-31T20:52:23","guid":{"rendered":"https:\/\/bcdeportes.com\/?p=45068"},"modified":"2026-08-31T13:52:24","modified_gmt":"2026-08-31T20:52:24","slug":"chefcito-alvarado-y-odeb-avila-tuvieron-noche-de-aprendizaje","status":"publish","type":"post","link":"https:\/\/bcdeportes.com\/?p=45068","title":{"rendered":"Chefcito Alvarado y Odeb \u00c1vila Tuvieron Noche de Aprendizaje"},"content":{"rendered":"\n<p>Chefcito Alvarado y Odeb \u00c1vila Tuvieron Noche de Aprendizaje<\/p>\n\n\n\n<p>ENSENADA.- Los boxeadores ensenadenses Isaac \u201cChefcito\u201d Alvarado y Odeb \u00c1vila ambos de la Academia de Boxeo Diaz de Ensenada tuvieron una noche de aprendizaje, tras su participaci\u00f3n en la velada box\u00edstica del s\u00e1bado por la noche celebrada en la Arena Tecate bajo la organizaci\u00f3n de Baja Boxing.<\/p>\n\n\n\n<p>El Chefcito Alvarado sostuvo en una pelea muy dura y pareja que se fue hasta los seis rounds pactados dentro de la categor\u00eda de los 55 kilogramos para ser el ganador por la v\u00eda de la decisi\u00f3n dividida.<\/p>\n\n\n\n<p>Por su parte Obed no pudo desarrollar su buen boxeo por una cortada por cabezazo accidental en el primer round y terminar el combate por no contest.<\/p>\n\n\n\n<p>Ambos p\u00fagiles son dirigidos por el entrenador Hugo \u201cEl Zurdo\u201d Diaz y tomaran un peque\u00f1o descanso para seguir trabajando y buscar un combate mas antes de cerrar el a\u00f1o 2026.<\/p>\n","protected":false},"excerpt":{"rendered":"<div class=\"mh-excerpt\"><p>Chefcito Alvarado y Odeb \u00c1vila Tuvieron Noche de Aprendizaje ENSENADA.- Los boxeadores ensenadenses Isaac \u201cChefcito\u201d Alvarado y Odeb \u00c1vila ambos de la Academia de Boxeo <a class=\"mh-excerpt-more\" href=\"https:\/\/bcdeportes.com\/?p=45068\" title=\"Chefcito Alvarado y Odeb \u00c1vila Tuvieron Noche de Aprendizaje\">[&#8230;]<\/a><\/p>\n<\/div>","protected":false},"author":2,"featured_media":45069,"comment_status":"closed","ping_status":"closed","sticky":false,"template":"","format":"standard","meta":{"footnotes":""},"categories":[5],"tags":[],"class_list":["post-45068","post","type-post","status-publish","format-standard","has-post-thumbnail","hentry","category-box"],"_links":{"self":[{"href":"https:\/\/bcdeportes.com\/index.php?rest_route=\/wp\/v2\/posts\/45068","targetHints":{"allow":["GET"]}}],"collection":[{"href":"https:\/\/bcdeportes.com\/index.php?rest_route=\/wp\/v2\/posts"}],"about":[{"href":"https:\/\/bcdeportes.com\/index.php?rest_route=\/wp\/v2\/types\/post"}],"author":[{"embeddable":true,"href":"https:\/\/bcdeportes.com\/index.php?rest_route=\/wp\/v2\/users\/2"}],"replies":[{"embeddable":true,"href":"https:\/\/bcdeportes.com\/index.php?rest_route=%2Fwp%2Fv2%2Fcomments&post=45068"}],"version-history":[{"count":1,"href":"https:\/\/bcdeportes.com\/index.php?rest_route=\/wp\/v2\/posts\/45068\/revisions"}],"predecessor-version":[{"id":45070,"href":"https:\/\/bcdeportes.com\/index.php?rest_route=\/wp\/v2\/posts\/45068\/revisions\/45070"}],"wp:featuredmedia":[{"embeddable":true,"href":"https:\/\/bcdeportes.com\/index.php?rest_route=\/wp\/v2\/media\/45069"}],"wp:attachment":[{"href":"https:\/\/bcdeportes.com\/index.php?rest_route=%2Fwp%2Fv2%2Fmedia&parent=45068"}],"wp:term":[{"taxonomy":"category","embeddable":true,"href":"https:\/\/bcdeportes.com\/index.php?rest_route=%2Fwp%2Fv2%2Fcategories&post=45068"},{"taxonomy":"post_tag","embeddable":true,"href":"https:\/\/bcdeportes.com\/index.php?rest_route=%2Fwp%2Fv2%2Ftags&post=45068"}],"curies":[{"name":"wp","href":"https:\/\/api.w.org\/{rel}","templated":true}]}}