{"id":4454,"date":"2016-06-04T20:16:04","date_gmt":"2016-06-04T20:16:04","guid":{"rendered":"http:\/\/bcdeportes.com\/?p=4454"},"modified":"2016-06-04T20:16:04","modified_gmt":"2016-06-04T20:16:04","slug":"se-banan-en-oro-en-nacional-de-atletismo","status":"publish","type":"post","link":"https:\/\/bcdeportes.com\/?p=4454","title":{"rendered":"SE BA\u00d1AN EN ORO EN NACIONAL DE ATLETISMO"},"content":{"rendered":"<p class=\"x_MsoNormal\" align=\"center\"><b>SE BA\u00d1AN EN ORO EN NACIONAL DE ATLETISMO<\/b><\/p>\n<p class=\"x_MsoNormal\"><b><i>*Alma Pollorena, Miranda V\u00e1zquez y Jorge Luna campeones nacionales; \u201cBeb\u00e9\u201d Cota es segundo en bala<\/i><\/b><\/p>\n<p class=\"x_MsoNormal\">MEXICALI, Baja California, 03 de junio de 2016.- En el primer d\u00eda de competencia del Campeonato Nacional de Primera Fuerza y Sub 23 en Monterrey, Nuevo Le\u00f3n, Alma Pollorena, Miranda V\u00e1zquez y Jorge Luna obtuvieron la medalla de oro, en el evento de Federaci\u00f3n Mexicana de Atletismo.<\/p>\n<p class=\"x_MsoNormal\">\n<p class=\"x_MsoNormal\">Durante la jornada tambi\u00e9n acab\u00f3 el sue\u00f1o de Juegos Ol\u00edmpicos de R\u00edo de Janeiro para Mario \u201cBeb\u00e9\u201d Cota, al ubicarse en la segunda posici\u00f3n en lanzamiento de bala, con un registro de 17.91 metros, siendo superado por el sonorense Stephen Saenz con 18.73.<\/p>\n<p class=\"x_MsoNormal\">\n<p class=\"x_MsoNormal\">En cuanto a los t\u00edtulos nacionales de Baja California, Alma Pollorena a sus 17 a\u00f1os se consagr\u00f3 en Primera Fuerza en lanzamiento de disco con 51.75 metros, qued\u00e1ndose a 33 cent\u00edmetros de la marca para asistir al Mundial Sub 20 en Polonia.<\/p>\n<p class=\"x_MsoNormal\">\n<p class=\"x_MsoNormal\">En lanzamiento de martillo, tambi\u00e9n en Primera Fuerza, Miranda V\u00e1zquez se agenci\u00f3 el oro con un registro de 54.76 metros, mientras que, su hermana Renee V\u00e1zquez fue medalla de plata en Sub 23 con 50.06, siendo superada por la Mariana Hern\u00e1ndez, de Nuevo Le\u00f3n, con 54.30.<\/p>\n<p class=\"x_MsoNormal\">\n<p class=\"x_MsoNormal\">Jorge Luna domin\u00f3 la categor\u00eda Sub 23 en salto con garrocha con 5.15 metros, con lo que se gan\u00f3 el boleto para representar a M\u00e9xico, en los Centroamericanos Nacac en El Salvador.<\/p>\n<p class=\"x_MsoNormal\">\n<p class=\"x_MsoNormal\">El nacional de Primera Fuerza y Sub 23 continuar\u00e1 este s\u00e1bado en la \u201cSultana del Norte\u201d, jornada en la que entrar\u00e1n en acci\u00f3n Fernanda Orozco en bala, Mariana Castro y David Carre\u00f3n en jabalina.<\/p>\n","protected":false},"excerpt":{"rendered":"<div class=\"mh-excerpt\"><p>SE BA\u00d1AN EN ORO EN NACIONAL DE ATLETISMO *Alma Pollorena, Miranda V\u00e1zquez y Jorge Luna campeones nacionales; \u201cBeb\u00e9\u201d Cota es segundo en bala MEXICALI, Baja <a class=\"mh-excerpt-more\" href=\"https:\/\/bcdeportes.com\/?p=4454\" title=\"SE BA\u00d1AN EN ORO EN NACIONAL DE ATLETISMO\">[&#8230;]<\/a><\/p>\n<\/div>","protected":false},"author":2,"featured_media":4456,"comment_status":"closed","ping_status":"closed","sticky":false,"template":"","format":"standard","meta":{"footnotes":""},"categories":[8],"tags":[],"class_list":["post-4454","post","type-post","status-publish","format-standard","has-post-thumbnail","hentry","category-inde"],"_links":{"self":[{"href":"https:\/\/bcdeportes.com\/index.php?rest_route=\/wp\/v2\/posts\/4454","targetHints":{"allow":["GET"]}}],"collection":[{"href":"https:\/\/bcdeportes.com\/index.php?rest_route=\/wp\/v2\/posts"}],"about":[{"href":"https:\/\/bcdeportes.com\/index.php?rest_route=\/wp\/v2\/types\/post"}],"author":[{"embeddable":true,"href":"https:\/\/bcdeportes.com\/index.php?rest_route=\/wp\/v2\/users\/2"}],"replies":[{"embeddable":true,"href":"https:\/\/bcdeportes.com\/index.php?rest_route=%2Fwp%2Fv2%2Fcomments&post=4454"}],"version-history":[{"count":1,"href":"https:\/\/bcdeportes.com\/index.php?rest_route=\/wp\/v2\/posts\/4454\/revisions"}],"predecessor-version":[{"id":4457,"href":"https:\/\/bcdeportes.com\/index.php?rest_route=\/wp\/v2\/posts\/4454\/revisions\/4457"}],"wp:featuredmedia":[{"embeddable":true,"href":"https:\/\/bcdeportes.com\/index.php?rest_route=\/wp\/v2\/media\/4456"}],"wp:attachment":[{"href":"https:\/\/bcdeportes.com\/index.php?rest_route=%2Fwp%2Fv2%2Fmedia&parent=4454"}],"wp:term":[{"taxonomy":"category","embeddable":true,"href":"https:\/\/bcdeportes.com\/index.php?rest_route=%2Fwp%2Fv2%2Fcategories&post=4454"},{"taxonomy":"post_tag","embeddable":true,"href":"https:\/\/bcdeportes.com\/index.php?rest_route=%2Fwp%2Fv2%2Ftags&post=4454"}],"curies":[{"name":"wp","href":"https:\/\/api.w.org\/{rel}","templated":true}]}}