{"id":44243,"date":"2026-04-17T17:33:32","date_gmt":"2026-04-18T00:33:32","guid":{"rendered":"https:\/\/bcdeportes.com\/?p=44243"},"modified":"2026-04-17T17:33:32","modified_gmt":"2026-04-18T00:33:32","slug":"este-domingo-ninez-en-movimiento-en-parque-de-punta-banda-1","status":"publish","type":"post","link":"https:\/\/bcdeportes.com\/?p=44243","title":{"rendered":"Este Domingo \u201d Ni\u00f1ez en Movimiento\u201d en Parque de Punta Banda 1"},"content":{"rendered":"\n<p>Este Domingo \u201d Ni\u00f1ez en Movimiento\u201d en Parque de Punta Banda 1<\/p>\n\n\n\n<p>ENSENADA.- El regidor Armando D\u00edaz Hoetlich y Jesusu \u201cMuschacho\u201d Peralta, invitan a todos los infantes menores de 12 a\u00f1os a participar en la segunda edici\u00f3n de ni\u00f1ez en movimiento. La cita es este domingo 18 de abril en punto de las 8:30 horas en el Parque Punta Banda 1, en dicha colonia.<\/p>\n\n\n\n<p>Las inscripciones ser\u00e1n totalmente gratis el d\u00eda del evento desde las 7 de la ma\u00f1ana, en competencia de carreras, se premiar\u00e1 con medalla a los tres primeros lugares de cada categor\u00eda y rama, adem\u00e1s se otorgar\u00e1 medalla de participaci\u00f3n.<\/p>\n\n\n\n<p>La finalidad del proyecto Ni\u00f1ez en movimiento ideado por Jes\u00fas \u201cMuschacho\u201d Peralta y comandado por el regidor Armando D\u00edaz Hoetlich, consiste en promover el deporte, de manera gratuita en algunas periferias de la ciudad, incentivando a la convivencia y la sana competencia entre los infantes de nuestra comunidad, as\u00ed como a que aprendan a reconocer que mediante su esfuerzo pueden lograr una recompensa.<\/p>\n\n\n\n<p>El evento es avalado por la Liga Municipal de Atletismo de Ensenada, la cual otorgo \u00e9l asesoramiento y distancias adecuadas de acuerdo a la edad de los participantes. Primeramente, se iniciar\u00e1 con Paseo de 100 metros de distancia para las categor\u00edas de discapacidad, carriolas y ni\u00f1os de 3-4 a\u00f1os. Para las carreras de competencias, la distancia a recorrer para las categor\u00edas de 5-6, 7-8 a\u00f1os ser\u00e1n de 200 metros. 900 metros para la categor\u00eda de 9-10 a\u00f1os y de 600 metros para 11-12 a\u00f1o.<\/p>\n","protected":false},"excerpt":{"rendered":"<div class=\"mh-excerpt\"><p>Este Domingo \u201d Ni\u00f1ez en Movimiento\u201d en Parque de Punta Banda 1 ENSENADA.- El regidor Armando D\u00edaz Hoetlich y Jesusu \u201cMuschacho\u201d Peralta, invitan a todos <a class=\"mh-excerpt-more\" href=\"https:\/\/bcdeportes.com\/?p=44243\" title=\"Este Domingo \u201d Ni\u00f1ez en Movimiento\u201d en Parque de Punta Banda 1\">[&#8230;]<\/a><\/p>\n<\/div>","protected":false},"author":2,"featured_media":44244,"comment_status":"closed","ping_status":"closed","sticky":false,"template":"","format":"standard","meta":{"footnotes":""},"categories":[20,1],"tags":[],"class_list":["post-44243","post","type-post","status-publish","format-standard","has-post-thumbnail","hentry","category-noticias-recientes","category-uncategorized"],"_links":{"self":[{"href":"https:\/\/bcdeportes.com\/index.php?rest_route=\/wp\/v2\/posts\/44243","targetHints":{"allow":["GET"]}}],"collection":[{"href":"https:\/\/bcdeportes.com\/index.php?rest_route=\/wp\/v2\/posts"}],"about":[{"href":"https:\/\/bcdeportes.com\/index.php?rest_route=\/wp\/v2\/types\/post"}],"author":[{"embeddable":true,"href":"https:\/\/bcdeportes.com\/index.php?rest_route=\/wp\/v2\/users\/2"}],"replies":[{"embeddable":true,"href":"https:\/\/bcdeportes.com\/index.php?rest_route=%2Fwp%2Fv2%2Fcomments&post=44243"}],"version-history":[{"count":1,"href":"https:\/\/bcdeportes.com\/index.php?rest_route=\/wp\/v2\/posts\/44243\/revisions"}],"predecessor-version":[{"id":44245,"href":"https:\/\/bcdeportes.com\/index.php?rest_route=\/wp\/v2\/posts\/44243\/revisions\/44245"}],"wp:featuredmedia":[{"embeddable":true,"href":"https:\/\/bcdeportes.com\/index.php?rest_route=\/wp\/v2\/media\/44244"}],"wp:attachment":[{"href":"https:\/\/bcdeportes.com\/index.php?rest_route=%2Fwp%2Fv2%2Fmedia&parent=44243"}],"wp:term":[{"taxonomy":"category","embeddable":true,"href":"https:\/\/bcdeportes.com\/index.php?rest_route=%2Fwp%2Fv2%2Fcategories&post=44243"},{"taxonomy":"post_tag","embeddable":true,"href":"https:\/\/bcdeportes.com\/index.php?rest_route=%2Fwp%2Fv2%2Ftags&post=44243"}],"curies":[{"name":"wp","href":"https:\/\/api.w.org\/{rel}","templated":true}]}}