{"id":43392,"date":"2026-03-04T16:31:46","date_gmt":"2026-03-05T00:31:46","guid":{"rendered":"https:\/\/bcdeportes.com\/?p=43392"},"modified":"2026-03-04T16:31:47","modified_gmt":"2026-03-05T00:31:47","slug":"los-dias-5-6-y-7-regional-de-fronton-en-el-car-de-ensenada","status":"publish","type":"post","link":"https:\/\/bcdeportes.com\/?p=43392","title":{"rendered":"Los D\u00edas 5, 6 y 7 Regional de Front\u00f3n en el CAR de Ensenada"},"content":{"rendered":"\n<p>Regional de Front\u00f3n en el CAR de Ensenada<\/p>\n\n\n\n<p>ENSENADA.- La Selecci\u00f3n de Baja California de front\u00f3n se encuentra lista para encarar la etapa regional de la Olimpiada Nacional 2026, que se celebrar\u00e1 los d\u00edas cinco, seis y siete de marzo en las canchas de la especialidad de las instalaciones del Centro de Alto Rendimiento (CAR) de Ensenada.<\/p>\n\n\n\n<p>El representativo estatal afin\u00f3 los \u00faltimos detalles de su preparaci\u00f3n para enfrentar esta fase clasificatoria, considerada la antesala de la m\u00e1xima justa deportiva juvenil de M\u00e9xico, donde buscar\u00e1n asegurar su lugar en la siguiente ronda del proceso nacional.<\/p>\n\n\n\n<p>La etapa Regional corresponde a la Regi\u00f3n 1, conformada por Baja California, Baja California Sur, Sonora, Sinaloa y Chihuahua, entidades que competir\u00e1n por su pase a la Olimpiada Nacional 2026.<\/p>\n\n\n\n<p>Las actividades del Regional de front\u00f3n iniciar\u00e1n este jueves 5 de marzo en sus diferentes categor\u00edas y modalidades, con jornada programada de 8:00 a 20:00 horas. Para el viernes 6, la competencia se desarrollar\u00e1 de 8:00 a 14:00 horas, mientras que el s\u00e1bado 7 las acciones se llevar\u00e1n a cabo de 8:00 a 13:00 horas.<\/p>\n\n\n\n<p>La Olimpiada Nacional 2026, en la disciplina de front\u00f3n, se celebrar\u00e1 en el estado de Guanajuato, donde los mejores exponentes juveniles del pa\u00eds buscar\u00e1n la gloria nacional.<\/p>\n","protected":false},"excerpt":{"rendered":"<div class=\"mh-excerpt\"><p>Regional de Front\u00f3n en el CAR de Ensenada ENSENADA.- La Selecci\u00f3n de Baja California de front\u00f3n se encuentra lista para encarar la etapa regional de <a class=\"mh-excerpt-more\" href=\"https:\/\/bcdeportes.com\/?p=43392\" title=\"Los D\u00edas 5, 6 y 7 Regional de Front\u00f3n en el CAR de Ensenada\">[&#8230;]<\/a><\/p>\n<\/div>","protected":false},"author":2,"featured_media":43393,"comment_status":"closed","ping_status":"closed","sticky":false,"template":"","format":"standard","meta":{"footnotes":""},"categories":[8],"tags":[],"class_list":["post-43392","post","type-post","status-publish","format-standard","has-post-thumbnail","hentry","category-inde"],"_links":{"self":[{"href":"https:\/\/bcdeportes.com\/index.php?rest_route=\/wp\/v2\/posts\/43392","targetHints":{"allow":["GET"]}}],"collection":[{"href":"https:\/\/bcdeportes.com\/index.php?rest_route=\/wp\/v2\/posts"}],"about":[{"href":"https:\/\/bcdeportes.com\/index.php?rest_route=\/wp\/v2\/types\/post"}],"author":[{"embeddable":true,"href":"https:\/\/bcdeportes.com\/index.php?rest_route=\/wp\/v2\/users\/2"}],"replies":[{"embeddable":true,"href":"https:\/\/bcdeportes.com\/index.php?rest_route=%2Fwp%2Fv2%2Fcomments&post=43392"}],"version-history":[{"count":1,"href":"https:\/\/bcdeportes.com\/index.php?rest_route=\/wp\/v2\/posts\/43392\/revisions"}],"predecessor-version":[{"id":43394,"href":"https:\/\/bcdeportes.com\/index.php?rest_route=\/wp\/v2\/posts\/43392\/revisions\/43394"}],"wp:featuredmedia":[{"embeddable":true,"href":"https:\/\/bcdeportes.com\/index.php?rest_route=\/wp\/v2\/media\/43393"}],"wp:attachment":[{"href":"https:\/\/bcdeportes.com\/index.php?rest_route=%2Fwp%2Fv2%2Fmedia&parent=43392"}],"wp:term":[{"taxonomy":"category","embeddable":true,"href":"https:\/\/bcdeportes.com\/index.php?rest_route=%2Fwp%2Fv2%2Fcategories&post=43392"},{"taxonomy":"post_tag","embeddable":true,"href":"https:\/\/bcdeportes.com\/index.php?rest_route=%2Fwp%2Fv2%2Ftags&post=43392"}],"curies":[{"name":"wp","href":"https:\/\/api.w.org\/{rel}","templated":true}]}}