{"id":4295,"date":"2016-05-22T23:41:42","date_gmt":"2016-05-22T23:41:42","guid":{"rendered":"http:\/\/bcdeportes.com\/?p=4295"},"modified":"2016-05-22T23:41:42","modified_gmt":"2016-05-22T23:41:42","slug":"todo-un-exito-el-evento-corre-con-color","status":"publish","type":"post","link":"https:\/\/bcdeportes.com\/?p=4295","title":{"rendered":"Todo un \u00c9xito el Evento Corre con Color"},"content":{"rendered":"<p>Con m\u00e1s de 2,000 Participantes<\/p>\n<p>Todo un \u00c9xito el Evento Corre con Color<\/p>\n<p>ENSENADA.- Con mas de 2,000 personas se super\u00f3 el r\u00e9cord del anterior evento, de la Fundaci\u00f3n Castro Lim\u00f3n con la organizaci\u00f3n de la segunda edici\u00f3n de la carrera-caminata de 5 kil\u00f3metros denominada Corre con Color, la cual se desarroll\u00f3 ayer por la ma\u00f1ana teniendo como salida y meta en  la explanada de Playa Hermosa.<br \/>\nEste evento tiene como objetivo el recaudar fondos para el tratamiento de ni\u00f1os y ni\u00f1as y j\u00f3venes con c\u00e1ncer.<br \/>\nFue numerosa la concurrencia de gente que deseaba correr, caminar, trotar, bailar, sonreir, brincar, vivir, inspirar y celebrar por una ni\u00f1ez sin c\u00e1ncer, ya que el evento fue dirigido a todas las personas que quer\u00edan divertirse apoyando a ni\u00f1os con ese terrible padecimiento.<br \/>\nEl polvo de color est\u00e1 compuesto de un colorante natural que no causa problemas.<br \/>\nDebido a la cantidad de participantes y para evitar aglomeramientos que provocaran ca\u00edda a alg\u00fan atleta, la salida se estuvo dando por grupos.<br \/>\nAquello parec\u00eda  \u201dun mar de gentes\u201d que de manera entusiasta y daban muestra de felicidad, al tiempo que corr\u00edan, trotaban o caminaban para completar el recorrido del circuito de 5 kil\u00f3metros.<\/p>\n","protected":false},"excerpt":{"rendered":"<div class=\"mh-excerpt\"><p>Con m\u00e1s de 2,000 Participantes Todo un \u00c9xito el Evento Corre con Color ENSENADA.- Con mas de 2,000 personas se super\u00f3 el r\u00e9cord del anterior <a class=\"mh-excerpt-more\" href=\"https:\/\/bcdeportes.com\/?p=4295\" title=\"Todo un \u00c9xito el Evento Corre con Color\">[&#8230;]<\/a><\/p>\n<\/div>","protected":false},"author":2,"featured_media":4296,"comment_status":"closed","ping_status":"closed","sticky":false,"template":"","format":"standard","meta":{"footnotes":""},"categories":[1],"tags":[],"class_list":["post-4295","post","type-post","status-publish","format-standard","has-post-thumbnail","hentry","category-uncategorized"],"_links":{"self":[{"href":"https:\/\/bcdeportes.com\/index.php?rest_route=\/wp\/v2\/posts\/4295","targetHints":{"allow":["GET"]}}],"collection":[{"href":"https:\/\/bcdeportes.com\/index.php?rest_route=\/wp\/v2\/posts"}],"about":[{"href":"https:\/\/bcdeportes.com\/index.php?rest_route=\/wp\/v2\/types\/post"}],"author":[{"embeddable":true,"href":"https:\/\/bcdeportes.com\/index.php?rest_route=\/wp\/v2\/users\/2"}],"replies":[{"embeddable":true,"href":"https:\/\/bcdeportes.com\/index.php?rest_route=%2Fwp%2Fv2%2Fcomments&post=4295"}],"version-history":[{"count":1,"href":"https:\/\/bcdeportes.com\/index.php?rest_route=\/wp\/v2\/posts\/4295\/revisions"}],"predecessor-version":[{"id":4297,"href":"https:\/\/bcdeportes.com\/index.php?rest_route=\/wp\/v2\/posts\/4295\/revisions\/4297"}],"wp:featuredmedia":[{"embeddable":true,"href":"https:\/\/bcdeportes.com\/index.php?rest_route=\/wp\/v2\/media\/4296"}],"wp:attachment":[{"href":"https:\/\/bcdeportes.com\/index.php?rest_route=%2Fwp%2Fv2%2Fmedia&parent=4295"}],"wp:term":[{"taxonomy":"category","embeddable":true,"href":"https:\/\/bcdeportes.com\/index.php?rest_route=%2Fwp%2Fv2%2Fcategories&post=4295"},{"taxonomy":"post_tag","embeddable":true,"href":"https:\/\/bcdeportes.com\/index.php?rest_route=%2Fwp%2Fv2%2Ftags&post=4295"}],"curies":[{"name":"wp","href":"https:\/\/api.w.org\/{rel}","templated":true}]}}