{"id":42927,"date":"2026-02-28T19:02:03","date_gmt":"2026-03-01T03:02:03","guid":{"rendered":"https:\/\/bcdeportes.com\/?p=42927"},"modified":"2026-02-28T19:02:04","modified_gmt":"2026-03-01T03:02:04","slug":"regidora-raquel-manriquez-visita-a-judocas-del-deportivo-salgado","status":"publish","type":"post","link":"https:\/\/bcdeportes.com\/?p=42927","title":{"rendered":"Regidora Raquel Manr\u00edquez Visita a Judocas Del Deportivo Salgado"},"content":{"rendered":"\n<p>Regidora Raquel Manr\u00edquez Visita a Judocas Del Deportivo Salgado<\/p>\n\n\n\n<p>ENSENADA.- A nombre de la Asociaci\u00f3n de Judo de Baja California Ind\u00edgena que tengo el honor de presidir externo un reconocimiento y agradecimiento a la Regidora de la comisi\u00f3n de cultura del Ayuntamiento de Ensenada, Maestra Raquel Manr\u00edquez Pe\u00f1a por su invaluable atenci\u00f3n a nuestros Atletas y entrenadores medallistas de Olimpiada nacional ind\u00edgena 2025.<\/p>\n\n\n\n<p>\u201cJos\u00e9 Guadalupe Salgado, presidente de la Asociaci\u00f3n, se\u00f1alo \u201cEstamos apoyando el proyecto deportivo a nivel nacional que impulsa nuestra presidenta Claudia Sheinbaun Pardo, surgiendo otra opci\u00f3n de desarrollo deportivo para la ni\u00f1ez y juventud de nuestro pa\u00eds, agradecemos la sensibilidad a esfuerzo de estos ni\u00f1os y j\u00f3venes brillantes que han puesto a nuestro estado BC y a Ensenada en lo m\u00e1s alto del p\u00f3dium Nacional\u201d,<\/p>\n\n\n\n<p>\u201cLa Regidora Raquel Manr\u00edquez Pe\u00f1a, nos visit\u00f3 y generosamente comparti\u00f3 diplomas, espagueti, pizzas, pi\u00f1atas, rifas para nuestros Atletas y padres de familia en un ambiente de alegr\u00eda, en las instalaciones del club deportivo Salgado, donde le externamos como asociaci\u00f3n el compromiso de continuar con el progreso de nuestro deporte el Judo, en la pr\u00f3xima edici\u00f3n de Olimpiada nacional 2026 a realizar en el estado de Veracruz gracias totales\u201d, comento el Gran Master; Jos\u00e9 Guadalupe Salgado.<\/p>\n","protected":false},"excerpt":{"rendered":"<div class=\"mh-excerpt\"><p>Regidora Raquel Manr\u00edquez Visita a Judocas Del Deportivo Salgado ENSENADA.- A nombre de la Asociaci\u00f3n de Judo de Baja California Ind\u00edgena que tengo el honor <a class=\"mh-excerpt-more\" href=\"https:\/\/bcdeportes.com\/?p=42927\" title=\"Regidora Raquel Manr\u00edquez Visita a Judocas Del Deportivo Salgado\">[&#8230;]<\/a><\/p>\n<\/div>","protected":false},"author":2,"featured_media":42928,"comment_status":"closed","ping_status":"closed","sticky":false,"template":"","format":"standard","meta":{"footnotes":""},"categories":[18,20,1],"tags":[],"class_list":["post-42927","post","type-post","status-publish","format-standard","has-post-thumbnail","hentry","category-judo","category-noticias-recientes","category-uncategorized"],"_links":{"self":[{"href":"https:\/\/bcdeportes.com\/index.php?rest_route=\/wp\/v2\/posts\/42927","targetHints":{"allow":["GET"]}}],"collection":[{"href":"https:\/\/bcdeportes.com\/index.php?rest_route=\/wp\/v2\/posts"}],"about":[{"href":"https:\/\/bcdeportes.com\/index.php?rest_route=\/wp\/v2\/types\/post"}],"author":[{"embeddable":true,"href":"https:\/\/bcdeportes.com\/index.php?rest_route=\/wp\/v2\/users\/2"}],"replies":[{"embeddable":true,"href":"https:\/\/bcdeportes.com\/index.php?rest_route=%2Fwp%2Fv2%2Fcomments&post=42927"}],"version-history":[{"count":1,"href":"https:\/\/bcdeportes.com\/index.php?rest_route=\/wp\/v2\/posts\/42927\/revisions"}],"predecessor-version":[{"id":42929,"href":"https:\/\/bcdeportes.com\/index.php?rest_route=\/wp\/v2\/posts\/42927\/revisions\/42929"}],"wp:featuredmedia":[{"embeddable":true,"href":"https:\/\/bcdeportes.com\/index.php?rest_route=\/wp\/v2\/media\/42928"}],"wp:attachment":[{"href":"https:\/\/bcdeportes.com\/index.php?rest_route=%2Fwp%2Fv2%2Fmedia&parent=42927"}],"wp:term":[{"taxonomy":"category","embeddable":true,"href":"https:\/\/bcdeportes.com\/index.php?rest_route=%2Fwp%2Fv2%2Fcategories&post=42927"},{"taxonomy":"post_tag","embeddable":true,"href":"https:\/\/bcdeportes.com\/index.php?rest_route=%2Fwp%2Fv2%2Ftags&post=42927"}],"curies":[{"name":"wp","href":"https:\/\/api.w.org\/{rel}","templated":true}]}}