{"id":42924,"date":"2026-02-28T18:56:20","date_gmt":"2026-03-01T02:56:20","guid":{"rendered":"https:\/\/bcdeportes.com\/?p=42924"},"modified":"2026-02-28T18:56:20","modified_gmt":"2026-03-01T02:56:20","slug":"vite-y-soriano-absolutos-en-la-primera-fecha-del-delegacional-de-atletismo-de-ensenada","status":"publish","type":"post","link":"https:\/\/bcdeportes.com\/?p=42924","title":{"rendered":"Vite y Soriano; Absolutos en la Primera Fecha del Delegacional de Atletismo de Ensenada"},"content":{"rendered":"\n<p>Vite y Soriano; Absolutos en la Primera Fecha del Delegacional de Atletismo de Ensenada<\/p>\n\n\n\n<p>ENSENADA.- Dentro de las acciones para fomentar la activaci\u00f3n f\u00edsica y la convivencia en las distintas comunidades del municipio, el Gobierno de Ensenada llev\u00f3 a cabo, con la participaci\u00f3n de m\u00e1s de 450 personas, la Primera Fecha del Festival Delegacional de Atletismo Ensenada 2026.<\/p>\n\n\n\n<p>Esta iniciativa forma parte del programa Ensenada Activa y Sana y es impulsada por la alcaldesa Claudia Agat\u00f3n Mu\u00f1iz, a trav\u00e9s del Instituto Municipal del Deporte y Recreaci\u00f3n y la Direcci\u00f3n de Desarrollo Regional y Delegaciones.<\/p>\n\n\n\n<p>En la Zona Noreste, m\u00e1s de 450 corredores se dieron cita en la Unidad Deportiva Gral. Fco. Villa \u201cVida Digna\u201d, acompa\u00f1ados de sus familias y mascotas, para disfrutar de una jornada deportiva.<\/p>\n\n\n\n<p>Se realiz\u00f3 una carrera recreativa, adem\u00e1s de las tradicionales carreras infantiles, promoviendo desde temprana edad el gusto por la actividad f\u00edsica y el deporte.<\/p>\n\n\n\n<p>La directora general de INMUDERE, Mar\u00eda Jes\u00fas Trujillo Hern\u00e1ndez, destac\u00f3 que este tipo de iniciativas fortalecen el tejido social y acercan oportunidades de activaci\u00f3n f\u00edsica a las comunidades, promoviendo entornos de convivencia sana y participaci\u00f3n familiar.<\/p>\n\n\n\n<p>La segunda fecha de este programa se realizar\u00e1 el domingo 8 de marzo en la delegaci\u00f3n municipal de Er\u00e9ndira, donde se espera una gran asistencia y participaci\u00f3n de comunidades del sur del municipio.<\/p>\n\n\n\n<p>Ganadores Absolutos<\/p>\n\n\n\n<p><strong>Rama Varonil<\/strong><\/p>\n\n\n\n<p>1.- Brian Vite<\/p>\n\n\n\n<p>2.- Yuan Mondrag\u00f3n<\/p>\n\n\n\n<p>3.- Osvaldo Ren\u00e9<\/p>\n\n\n\n<p><strong>Rama Femenil<\/strong><\/p>\n\n\n\n<p>1.- Araceli Soriano<\/p>\n\n\n\n<p>2.- Ofelia Almaraz<\/p>\n\n\n\n<p>3.- Julissa Barba<\/p>\n","protected":false},"excerpt":{"rendered":"<div class=\"mh-excerpt\"><p>Vite y Soriano; Absolutos en la Primera Fecha del Delegacional de Atletismo de Ensenada ENSENADA.- Dentro de las acciones para fomentar la activaci\u00f3n f\u00edsica y <a class=\"mh-excerpt-more\" href=\"https:\/\/bcdeportes.com\/?p=42924\" title=\"Vite y Soriano; Absolutos en la Primera Fecha del Delegacional de Atletismo de Ensenada\">[&#8230;]<\/a><\/p>\n<\/div>","protected":false},"author":2,"featured_media":42925,"comment_status":"closed","ping_status":"closed","sticky":false,"template":"","format":"standard","meta":{"footnotes":""},"categories":[9,20,1],"tags":[],"class_list":["post-42924","post","type-post","status-publish","format-standard","has-post-thumbnail","hentry","category-inmudere","category-noticias-recientes","category-uncategorized"],"_links":{"self":[{"href":"https:\/\/bcdeportes.com\/index.php?rest_route=\/wp\/v2\/posts\/42924","targetHints":{"allow":["GET"]}}],"collection":[{"href":"https:\/\/bcdeportes.com\/index.php?rest_route=\/wp\/v2\/posts"}],"about":[{"href":"https:\/\/bcdeportes.com\/index.php?rest_route=\/wp\/v2\/types\/post"}],"author":[{"embeddable":true,"href":"https:\/\/bcdeportes.com\/index.php?rest_route=\/wp\/v2\/users\/2"}],"replies":[{"embeddable":true,"href":"https:\/\/bcdeportes.com\/index.php?rest_route=%2Fwp%2Fv2%2Fcomments&post=42924"}],"version-history":[{"count":1,"href":"https:\/\/bcdeportes.com\/index.php?rest_route=\/wp\/v2\/posts\/42924\/revisions"}],"predecessor-version":[{"id":42926,"href":"https:\/\/bcdeportes.com\/index.php?rest_route=\/wp\/v2\/posts\/42924\/revisions\/42926"}],"wp:featuredmedia":[{"embeddable":true,"href":"https:\/\/bcdeportes.com\/index.php?rest_route=\/wp\/v2\/media\/42925"}],"wp:attachment":[{"href":"https:\/\/bcdeportes.com\/index.php?rest_route=%2Fwp%2Fv2%2Fmedia&parent=42924"}],"wp:term":[{"taxonomy":"category","embeddable":true,"href":"https:\/\/bcdeportes.com\/index.php?rest_route=%2Fwp%2Fv2%2Fcategories&post=42924"},{"taxonomy":"post_tag","embeddable":true,"href":"https:\/\/bcdeportes.com\/index.php?rest_route=%2Fwp%2Fv2%2Ftags&post=42924"}],"curies":[{"name":"wp","href":"https:\/\/api.w.org\/{rel}","templated":true}]}}