{"id":4288,"date":"2016-05-22T23:02:52","date_gmt":"2016-05-22T23:02:52","guid":{"rendered":"http:\/\/bcdeportes.com\/?p=4288"},"modified":"2016-05-22T23:02:52","modified_gmt":"2016-05-22T23:02:52","slug":"con-exito-sesiona-femecrode-en-tijuana","status":"publish","type":"post","link":"https:\/\/bcdeportes.com\/?p=4288","title":{"rendered":"CON \u00c9XITO SESIONA FEMECRODE EN TIJUANA"},"content":{"rendered":"<p>CON \u00c9XITO SESIONA FEMECRODE EN TIJUANA<\/p>\n<p>TIJUANA, Baja California \u2013 La Federaci\u00f3n Mexicana de Cronistas Deportivos (FEMECRODE) realiz\u00f3 con \u00e9xito los trabajos de su Asamblea Nacional, la cual tuvo lugar en las instalaciones del Centro de Alto Rendimiento de Baja California.<br \/>\nEn el acto inaugural se cont\u00f3 con la presencia de autoridades deportivas y directivos de organizaciones profesionales como fue el caso de los Toros de Tijuana, cuyo gerente general, Antonio Cano, asisti\u00f3 junto con el Presidente del Sal\u00f3n de la Fama del Deporte de Tijuana, Gilberto Ruiz.<br \/>\nDe igual forma estuvieron los Presidentes de la Femecrode, Andr\u00e9s Guevara, y de la Asociaci\u00f3n Estatal de Cronistas Deportivos  de Baja California, Alberto Rico Santacruz.<br \/>\nComo parte de la instituci\u00f3n anfitriona, el Director General del Instituto del Deporte y la Cultura F\u00edsica de Baja California, Sa\u00fal Castro Verdugo hizo la declaratoria inaugural de la Asamblea, en la que tambi\u00e9n tuvo a su cargo la exposici\u00f3n de una conferencia magistral sobre el desarrollo deportivo en el estado y los programas de activaci\u00f3n f\u00edsica.<br \/>\nEn el marco de la asamblea se hicieron entregas de reconocimientos a los cronistas j\u00f3venes con la placa \u00c1ngel Fern\u00e1ndez y la Placa \u201cFray Nano\u201d a aquellos con una trayectoria mayor a 20 a\u00f1os.<br \/>\nEntre los galardonados destacaron Jos\u00e9 Antonio Mar\u00edn Ba\u00f1uelos, del estado de Veracruz, y Antonio \u00c1lvarez, de Baja California, al igual que Yair Alberto Reyes, de Durango, en la categor\u00eda de cronistas j\u00f3venes.<br \/>\nPor su parte, la FEMECRODE distingui\u00f3 a  por m\u00e1s de 20 a\u00f1os de trabajo a Jos\u00e9 Luis Reyes Guti\u00e9rrez (Durango), Blanca Alicia Puente (Nuevo Le\u00f3n), Jos\u00e9 Miguel Augusto Portillo (Quintana Roo), Roc\u00edo  Morales Cruz (San Luis Potos\u00ed) y H\u00e9ctor Zaragoza L\u00f3pez (Veracruz).<\/p>\n","protected":false},"excerpt":{"rendered":"<div class=\"mh-excerpt\"><p>CON \u00c9XITO SESIONA FEMECRODE EN TIJUANA TIJUANA, Baja California \u2013 La Federaci\u00f3n Mexicana de Cronistas Deportivos (FEMECRODE) realiz\u00f3 con \u00e9xito los trabajos de su Asamblea <a class=\"mh-excerpt-more\" href=\"https:\/\/bcdeportes.com\/?p=4288\" title=\"CON \u00c9XITO SESIONA FEMECRODE EN TIJUANA\">[&#8230;]<\/a><\/p>\n<\/div>","protected":false},"author":2,"featured_media":4289,"comment_status":"closed","ping_status":"closed","sticky":false,"template":"","format":"standard","meta":{"footnotes":""},"categories":[8,1],"tags":[],"class_list":["post-4288","post","type-post","status-publish","format-standard","has-post-thumbnail","hentry","category-inde","category-uncategorized"],"_links":{"self":[{"href":"https:\/\/bcdeportes.com\/index.php?rest_route=\/wp\/v2\/posts\/4288","targetHints":{"allow":["GET"]}}],"collection":[{"href":"https:\/\/bcdeportes.com\/index.php?rest_route=\/wp\/v2\/posts"}],"about":[{"href":"https:\/\/bcdeportes.com\/index.php?rest_route=\/wp\/v2\/types\/post"}],"author":[{"embeddable":true,"href":"https:\/\/bcdeportes.com\/index.php?rest_route=\/wp\/v2\/users\/2"}],"replies":[{"embeddable":true,"href":"https:\/\/bcdeportes.com\/index.php?rest_route=%2Fwp%2Fv2%2Fcomments&post=4288"}],"version-history":[{"count":1,"href":"https:\/\/bcdeportes.com\/index.php?rest_route=\/wp\/v2\/posts\/4288\/revisions"}],"predecessor-version":[{"id":4290,"href":"https:\/\/bcdeportes.com\/index.php?rest_route=\/wp\/v2\/posts\/4288\/revisions\/4290"}],"wp:featuredmedia":[{"embeddable":true,"href":"https:\/\/bcdeportes.com\/index.php?rest_route=\/wp\/v2\/media\/4289"}],"wp:attachment":[{"href":"https:\/\/bcdeportes.com\/index.php?rest_route=%2Fwp%2Fv2%2Fmedia&parent=4288"}],"wp:term":[{"taxonomy":"category","embeddable":true,"href":"https:\/\/bcdeportes.com\/index.php?rest_route=%2Fwp%2Fv2%2Fcategories&post=4288"},{"taxonomy":"post_tag","embeddable":true,"href":"https:\/\/bcdeportes.com\/index.php?rest_route=%2Fwp%2Fv2%2Ftags&post=4288"}],"curies":[{"name":"wp","href":"https:\/\/api.w.org\/{rel}","templated":true}]}}