{"id":37017,"date":"2025-03-22T18:52:50","date_gmt":"2025-03-23T01:52:50","guid":{"rendered":"https:\/\/bcdeportes.com\/?p=37017"},"modified":"2025-03-22T18:52:51","modified_gmt":"2025-03-23T01:52:51","slug":"crean-direccion-del-deporte-adaptado","status":"publish","type":"post","link":"https:\/\/bcdeportes.com\/?p=37017","title":{"rendered":"Crean Direccion del Deporte Adaptado"},"content":{"rendered":"\n<p>Crean Direccion del Deporte Adaptado<\/p>\n\n\n\n<p>TIJUANA.- La directora general del Instituto del Deporte y la Cultura F\u00edsica de Baja California, Laura Marmolejo Toscano, encabez\u00f3 la presentaci\u00f3n oficial de la reci\u00e9n creada Direcci\u00f3n de Deporte Adaptado. El evento se llev\u00f3 a cabo la ma\u00f1ana de este s\u00e1bado en el Centro de Alto Rendimiento de Tijuana, con la presencia del personal que conformar\u00e1 esta nueva \u00e1rea, cuyo objetivo es impulsar el desarrollo del deporte adaptado en el estado. \u00a0<\/p>\n\n\n\n<p>A continuaci\u00f3n, se presenta el equipo de trabajo de la Direcci\u00f3n de Deporte Adaptado: &nbsp;<\/p>\n\n\n\n<p>Equipo Directivo &nbsp;<\/p>\n\n\n\n<p>&#8211; Directora de Deporte Adaptado: Marisol N\u00fa\u00f1ez Romero &nbsp;<\/p>\n\n\n\n<p>&#8211; Coordinador de Deporte Competitivo y Paral\u00edmpico: Guillermo \u00c1lvarez Garc\u00eda &nbsp;<\/p>\n\n\n\n<p>&#8211; Coordinador del Departamento de Iniciaci\u00f3n al Deporte Adaptado: Mart\u00edn Alexis P\u00e9rez Zazueta &nbsp;<\/p>\n\n\n\n<p>Promotores Deportivos &nbsp;<\/p>\n\n\n\n<p>&#8211; Tijuana: C\u00e9sar Crespo &nbsp;<\/p>\n\n\n\n<p>&#8211; Ensenada: Esteban Miranda &nbsp;<\/p>\n\n\n\n<p>Equipo Multidisciplinario &nbsp;<\/p>\n\n\n\n<p>&#8211; Metod\u00f3loga: Mar\u00eda de la Cruz Gayt\u00e1n Moreno &nbsp;<\/p>\n\n\n\n<p>&#8211; Nutri\u00f3loga: Melisa Zelina T\u00e9llez Villag\u00f3mez &nbsp;<\/p>\n\n\n\n<p>&#8211; Psic\u00f3loga: Demmi Irlanda G\u00f3mez Federico &nbsp;<\/p>\n\n\n\n<p>Cuerpo T\u00e9cnico &nbsp;<\/p>\n\n\n\n<p>Atletismo: &nbsp;<\/p>\n\n\n\n<p>&#8211; Entrenadora: Fernanda Lara Gonz\u00e1lez &nbsp;<\/p>\n\n\n\n<p>&#8211; Auxiliar (Ensenada): Marco Antonio Mej\u00eda Olachea &nbsp;<\/p>\n\n\n\n<p>&#8211; Auxiliar (Tijuana): Daniel Rabelo &nbsp;<\/p>\n\n\n\n<p>Parapowerlifting: &nbsp;<\/p>\n\n\n\n<p>&#8211; Entrenador: Genaro Almaz\u00e1n Castro &nbsp;<\/p>\n\n\n\n<p>Paranataci\u00f3n:<\/p>\n\n\n\n<p>&#8211; Entrenadora: Zaira Reynoso (Tijuana)<\/p>\n\n\n\n<p>&#8211; Entrenador: Luis Carlos Villalobos (Mexicali)&nbsp;<\/p>\n\n\n\n<p>Con esta iniciativa, el Instituto del Deporte y la Cultura F\u00edsica de Baja California reafirma su compromiso con la inclusi\u00f3n y el desarrollo del deporte adaptado, brindando apoyo integral a los atletas en su camino hacia la excelencia deportiva.<\/p>\n","protected":false},"excerpt":{"rendered":"<div class=\"mh-excerpt\"><p>Crean Direccion del Deporte Adaptado TIJUANA.- La directora general del Instituto del Deporte y la Cultura F\u00edsica de Baja California, Laura Marmolejo Toscano, encabez\u00f3 la <a class=\"mh-excerpt-more\" href=\"https:\/\/bcdeportes.com\/?p=37017\" title=\"Crean Direccion del Deporte Adaptado\">[&#8230;]<\/a><\/p>\n<\/div>","protected":false},"author":2,"featured_media":37018,"comment_status":"closed","ping_status":"closed","sticky":false,"template":"","format":"standard","meta":{"footnotes":""},"categories":[8],"tags":[],"class_list":["post-37017","post","type-post","status-publish","format-standard","has-post-thumbnail","hentry","category-inde"],"_links":{"self":[{"href":"https:\/\/bcdeportes.com\/index.php?rest_route=\/wp\/v2\/posts\/37017","targetHints":{"allow":["GET"]}}],"collection":[{"href":"https:\/\/bcdeportes.com\/index.php?rest_route=\/wp\/v2\/posts"}],"about":[{"href":"https:\/\/bcdeportes.com\/index.php?rest_route=\/wp\/v2\/types\/post"}],"author":[{"embeddable":true,"href":"https:\/\/bcdeportes.com\/index.php?rest_route=\/wp\/v2\/users\/2"}],"replies":[{"embeddable":true,"href":"https:\/\/bcdeportes.com\/index.php?rest_route=%2Fwp%2Fv2%2Fcomments&post=37017"}],"version-history":[{"count":1,"href":"https:\/\/bcdeportes.com\/index.php?rest_route=\/wp\/v2\/posts\/37017\/revisions"}],"predecessor-version":[{"id":37019,"href":"https:\/\/bcdeportes.com\/index.php?rest_route=\/wp\/v2\/posts\/37017\/revisions\/37019"}],"wp:featuredmedia":[{"embeddable":true,"href":"https:\/\/bcdeportes.com\/index.php?rest_route=\/wp\/v2\/media\/37018"}],"wp:attachment":[{"href":"https:\/\/bcdeportes.com\/index.php?rest_route=%2Fwp%2Fv2%2Fmedia&parent=37017"}],"wp:term":[{"taxonomy":"category","embeddable":true,"href":"https:\/\/bcdeportes.com\/index.php?rest_route=%2Fwp%2Fv2%2Fcategories&post=37017"},{"taxonomy":"post_tag","embeddable":true,"href":"https:\/\/bcdeportes.com\/index.php?rest_route=%2Fwp%2Fv2%2Ftags&post=37017"}],"curies":[{"name":"wp","href":"https:\/\/api.w.org\/{rel}","templated":true}]}}