{"id":36989,"date":"2025-03-20T15:13:33","date_gmt":"2025-03-20T22:13:33","guid":{"rendered":"https:\/\/bcdeportes.com\/?p=36989"},"modified":"2025-03-20T15:13:33","modified_gmt":"2025-03-20T22:13:33","slug":"listos-arqueros-de-ensenada-para-primera-etapa-estatal-en-mexicali","status":"publish","type":"post","link":"https:\/\/bcdeportes.com\/?p=36989","title":{"rendered":"Listos Arqueros de Ensenada Para Primera Etapa Estatal en Mexicali"},"content":{"rendered":"\n<p>Listos Arqueros de Ensenada Para Primera Etapa Estatal en Mexicali<\/p>\n\n\n\n<p>ENSENADA.- Nueve arqueros ensenadenses que se ganaron su lugar en el pasado selectivo municipal, ya se declararon listos para participar en la primera etapa estatal selectiva que ser\u00e1 el 22 y 23 de marzo en el centro de alto rendimiento de Mexicali con miras a los juegos nacionales Conade 2025.<\/p>\n\n\n\n<p>El grupo de arqueros ensenadense representantes del Club COVI tiro con arco va bajo el mando de las entrenadoras; Fernanda Villavicencio Chaidez y Alejandra Ruiz Colmenero con la misi\u00f3n de conseguir varias plazas dentro del selectivo que representara a Baja California en los pr\u00f3ximos juegos Nacionales CONADE 2025.<\/p>\n\n\n\n<p>Selecci\u00f3n Ensenada de Tiro Con Arco.<\/p>\n\n\n\n<p><strong>Sub 14 Recurvo Varonil<\/strong><\/p>\n\n\n\n<p>H\u00e9ctor Alexander Rodr\u00edguez Becerra<\/p>\n\n\n\n<p><strong>Sub 14 Compuesto Varonil<\/strong><\/p>\n\n\n\n<p>Emiliano cabrera Gonz\u00e1lez<\/p>\n\n\n\n<p><strong>Sub 16 Recurvo Femenil<\/strong><\/p>\n\n\n\n<p>Elisa Garc\u00eda Sancho Garayzar<\/p>\n\n\n\n<p>Sophia Valentina Mu\u00f1oz Patr\u00f3n<\/p>\n\n\n\n<p><strong>Sub 18 Compuesto Varonil<\/strong><\/p>\n\n\n\n<p>Francisco Daniel Montes Amador<\/p>\n\n\n\n<p>Ricardo Amir Reynoso Nava<\/p>\n\n\n\n<p><strong>Sub 21 Recurvo Varonil<\/strong><\/p>\n\n\n\n<p>Oliver No\u00e9 Mu\u00f1oz Patr\u00f3n<\/p>\n\n\n\n<p><strong>Sub 21 Compuesto Varonil<\/strong><\/p>\n\n\n\n<p>Carlos Gael Sifuentes N\u00fa\u00f1ez<\/p>\n\n\n\n<p><strong>Sub 24 Compuesto Varonil<\/strong><\/p>\n\n\n\n<p>Carlos Espejo D\u00edaz<\/p>\n","protected":false},"excerpt":{"rendered":"<div class=\"mh-excerpt\"><p>Listos Arqueros de Ensenada Para Primera Etapa Estatal en Mexicali ENSENADA.- Nueve arqueros ensenadenses que se ganaron su lugar en el pasado selectivo municipal, ya <a class=\"mh-excerpt-more\" href=\"https:\/\/bcdeportes.com\/?p=36989\" title=\"Listos Arqueros de Ensenada Para Primera Etapa Estatal en Mexicali\">[&#8230;]<\/a><\/p>\n<\/div>","protected":false},"author":2,"featured_media":36990,"comment_status":"closed","ping_status":"closed","sticky":false,"template":"","format":"standard","meta":{"footnotes":""},"categories":[8],"tags":[],"class_list":["post-36989","post","type-post","status-publish","format-standard","has-post-thumbnail","hentry","category-inde"],"_links":{"self":[{"href":"https:\/\/bcdeportes.com\/index.php?rest_route=\/wp\/v2\/posts\/36989","targetHints":{"allow":["GET"]}}],"collection":[{"href":"https:\/\/bcdeportes.com\/index.php?rest_route=\/wp\/v2\/posts"}],"about":[{"href":"https:\/\/bcdeportes.com\/index.php?rest_route=\/wp\/v2\/types\/post"}],"author":[{"embeddable":true,"href":"https:\/\/bcdeportes.com\/index.php?rest_route=\/wp\/v2\/users\/2"}],"replies":[{"embeddable":true,"href":"https:\/\/bcdeportes.com\/index.php?rest_route=%2Fwp%2Fv2%2Fcomments&post=36989"}],"version-history":[{"count":1,"href":"https:\/\/bcdeportes.com\/index.php?rest_route=\/wp\/v2\/posts\/36989\/revisions"}],"predecessor-version":[{"id":36991,"href":"https:\/\/bcdeportes.com\/index.php?rest_route=\/wp\/v2\/posts\/36989\/revisions\/36991"}],"wp:featuredmedia":[{"embeddable":true,"href":"https:\/\/bcdeportes.com\/index.php?rest_route=\/wp\/v2\/media\/36990"}],"wp:attachment":[{"href":"https:\/\/bcdeportes.com\/index.php?rest_route=%2Fwp%2Fv2%2Fmedia&parent=36989"}],"wp:term":[{"taxonomy":"category","embeddable":true,"href":"https:\/\/bcdeportes.com\/index.php?rest_route=%2Fwp%2Fv2%2Fcategories&post=36989"},{"taxonomy":"post_tag","embeddable":true,"href":"https:\/\/bcdeportes.com\/index.php?rest_route=%2Fwp%2Fv2%2Ftags&post=36989"}],"curies":[{"name":"wp","href":"https:\/\/api.w.org\/{rel}","templated":true}]}}