{"id":36472,"date":"2025-01-10T20:10:36","date_gmt":"2025-01-10T20:10:36","guid":{"rendered":"http:\/\/bcdeportes.com\/?p=36472"},"modified":"2025-01-10T20:10:36","modified_gmt":"2025-01-10T20:10:36","slug":"abren-praderas-y-juventus-el-torneo-juvenil-de-la-nueva-liga-de-porticos-del-mar","status":"publish","type":"post","link":"https:\/\/bcdeportes.com\/?p=36472","title":{"rendered":"Abren, Praderas y Juventus el Torneo Juvenil de La Nueva liga de P\u00f3rticos del Mar"},"content":{"rendered":"\n<p>Abren,\nPraderas y Juventus el Torneo Juvenil de la Nueva liga de P\u00f3rticos del Mar<\/p>\n\n\n\n<p>ENSENADA.-\nCon una primera jornada de seis encuentros a jugarse en la cancha de la unidad\ndeportiva de P\u00f3rticos a partir de las 10:40 de la ma\u00f1ana de esta pr\u00f3ximo s\u00e1bado\nse estara poniendo en marcha el torneo Juvenil 2025, promovido por la Nueva\nLiga de futbol Infantil y Juvenil de P\u00f3rticos Del Mar.<\/p>\n\n\n\n<p>Las\nacciones de la apertura del torneo se abren a las 10:40 horas con el partido a\njugarse entre los cuadros de Praderas y Juventus, dentro de la categor\u00eda 2010-12\ny la jornada se cierra a las dos de la tarde con el duelo valido para la\ncategor\u00eda 2006-08 entre los conjuntos de Escorpi\u00f3n y Cobras Roja,<\/p>\n\n\n\n<p>To\u00f1ita\nValenzuela, presidenta de la nueva Liga de P\u00f3rticos Del Mar, inform\u00f3 que aunque\nesta s\u00e1bado arranca el torneo, las inscripciones siguen abiertas para los que\ndeseen participar en este certamen, para mayores informes se pueden comunicar\nal tel\u00e9fono 646 214 35 88 o bien acudir a la unidad deportivo de P\u00f3rticos.<\/p>\n\n\n\n<p>Programaci\u00f3n<\/p>\n\n\n\n<p>S\u00e1bado<\/p>\n\n\n\n<p>Cancha\nP\u00f3rticos<\/p>\n\n\n\n<p>10:40\nPraderas vs Juventus, 2010-12<\/p>\n\n\n\n<p>11:30 Shadow Sharkis vs Juventus B, 2010-12<\/p>\n\n\n\n<p>12:20\nManeacos vs Calienta Bancas, 2006-08<\/p>\n\n\n\n<p>13:10\n\u00c1guilas Blancas vs Electro Kids, 2010-12<\/p>\n\n\n\n<p>14:00\nEscorpi\u00f3n vs Cobras Rojas, 2006-08<\/p>\n","protected":false},"excerpt":{"rendered":"<div class=\"mh-excerpt\"><p>Abren, Praderas y Juventus el Torneo Juvenil de la Nueva liga de P\u00f3rticos del Mar ENSENADA.- Con una primera jornada de seis encuentros a jugarse <a class=\"mh-excerpt-more\" href=\"https:\/\/bcdeportes.com\/?p=36472\" title=\"Abren, Praderas y Juventus el Torneo Juvenil de La Nueva liga de P\u00f3rticos del Mar\">[&#8230;]<\/a><\/p>\n<\/div>","protected":false},"author":2,"featured_media":35654,"comment_status":"closed","ping_status":"closed","sticky":false,"template":"","format":"standard","meta":{"footnotes":""},"categories":[3],"tags":[],"class_list":["post-36472","post","type-post","status-publish","format-standard","has-post-thumbnail","hentry","category-futbol"],"_links":{"self":[{"href":"https:\/\/bcdeportes.com\/index.php?rest_route=\/wp\/v2\/posts\/36472","targetHints":{"allow":["GET"]}}],"collection":[{"href":"https:\/\/bcdeportes.com\/index.php?rest_route=\/wp\/v2\/posts"}],"about":[{"href":"https:\/\/bcdeportes.com\/index.php?rest_route=\/wp\/v2\/types\/post"}],"author":[{"embeddable":true,"href":"https:\/\/bcdeportes.com\/index.php?rest_route=\/wp\/v2\/users\/2"}],"replies":[{"embeddable":true,"href":"https:\/\/bcdeportes.com\/index.php?rest_route=%2Fwp%2Fv2%2Fcomments&post=36472"}],"version-history":[{"count":1,"href":"https:\/\/bcdeportes.com\/index.php?rest_route=\/wp\/v2\/posts\/36472\/revisions"}],"predecessor-version":[{"id":36473,"href":"https:\/\/bcdeportes.com\/index.php?rest_route=\/wp\/v2\/posts\/36472\/revisions\/36473"}],"wp:featuredmedia":[{"embeddable":true,"href":"https:\/\/bcdeportes.com\/index.php?rest_route=\/wp\/v2\/media\/35654"}],"wp:attachment":[{"href":"https:\/\/bcdeportes.com\/index.php?rest_route=%2Fwp%2Fv2%2Fmedia&parent=36472"}],"wp:term":[{"taxonomy":"category","embeddable":true,"href":"https:\/\/bcdeportes.com\/index.php?rest_route=%2Fwp%2Fv2%2Fcategories&post=36472"},{"taxonomy":"post_tag","embeddable":true,"href":"https:\/\/bcdeportes.com\/index.php?rest_route=%2Fwp%2Fv2%2Ftags&post=36472"}],"curies":[{"name":"wp","href":"https:\/\/api.w.org\/{rel}","templated":true}]}}