{"id":36463,"date":"2025-01-09T23:44:10","date_gmt":"2025-01-09T23:44:10","guid":{"rendered":"http:\/\/bcdeportes.com\/?p=36463"},"modified":"2025-01-09T23:44:11","modified_gmt":"2025-01-09T23:44:11","slug":"francisco-banaga-nuevo-presidente-de-la-liga-futbol-del-valle-de-maneadero","status":"publish","type":"post","link":"https:\/\/bcdeportes.com\/?p=36463","title":{"rendered":"Francisco Ba\u00f1aga Nuevo Presidente de la Liga Futbol del Valle de Maneadero"},"content":{"rendered":"\n<p>Francisco\nBa\u00f1aga Nuevo Presidente de la Liga Futbol del Valle de Maneadero<\/p>\n\n\n\n<p>ENSENADA.-\nFrancisco Ba\u00f1aga es el nuevo dirigente de la Liga Rural de futbol del Valle de\nManeadero, luego de que Jos\u00e9 Guadalupe Salgado, subdirector de delegaciones del\nInmudere, le hiciera la toma de protesta ante los delegados en la reuni\u00f3n\ncelebrada en la sala de juntas del campo Jos\u00e9 Javier Calder\u00f3n Mar\u00edn, <\/p>\n\n\n\n<p>En\nla toma de protesta de la nueva directiva de la Liga de futbol de Maneadero\nestuvieron como invitados; el delegado de Maneadero, Jos\u00e9 Javier Calder\u00f3n\nZamora, el profesor Jos\u00e9 Guadalupe Salgado, sub director de delegaciones del Instituto\nMunicipal del Deporte y Recreaci\u00f3n, quien fue comisionado por parte del\ndirector del Inmudere, V\u00edctor Octavio Gonz\u00e1lez, para dirigir el deporte en el\n\u00e1rea rural y como invitado especial el columnista del peri\u00f3dico EL MEXICANO,\nCarlos Ram\u00f3n \u00abRampa\u00bb Romero, quien ya est\u00e1 apoyando al futbol del\nvalle de Maneadero.<\/p>\n\n\n\n<p>Esta\nnueva directiva dirigida por Francisco Ba\u00f1aga pasara a la historia para el\nfutbol de Ensenada y de Maneadero ya que por primera vez una Liga contara con\nt\u00e9cnicos en enfermer\u00eda para los lesionados ellos con: Claudia De la Cruz\nHerrera y Jos\u00e9 Lorenzo Reyna Pinedo.&nbsp;&nbsp; <\/p>\n\n\n\n<p>Jos\u00e9\nGuadalupe Salgado, hizo la toma de protesta a la nueva mesa directiva\nconformada por:<\/p>\n\n\n\n<p><strong>Mesa Directiva Liga Rural de Futbol del\nValle de Maneadero<\/strong><\/p>\n\n\n\n<p>Francisco\nBa\u00f1aga; Presidente<\/p>\n\n\n\n<p>Miguel\n\u00c1ngel Huerta Veloz; Vicepresidente<\/p>\n\n\n\n<p>Liliana\nGuevara; Secretario<\/p>\n\n\n\n<p>Rub\u00e9n\nValenzuela Borja, Tesorero<\/p>\n\n\n\n<p>Noem\u00ed\nVelazco Pacheco; Sub tesorero<\/p>\n\n\n\n<p>Adriana\nMarr\u00f3n Jord\u00e1n; Secretaria relaciones publicas<\/p>\n\n\n\n<p>Raquel\nCota Valdez: Prensa y propaganda<\/p>\n\n\n\n<p>Magdalena\nLe\u00f3n; Vocal 1<\/p>\n\n\n\n<p>Rebeca\nCota Valdez; Vocal 2<\/p>\n\n\n\n<p>Francisco\n\u00c1lvarez; Coordinador \u00e1rbitros&nbsp;&nbsp; <\/p>\n\n\n\n<p>Alison\nLeyva Cabrera; Coordinador fut femenil<\/p>\n\n\n\n<p>Juan\nReyes Arredondo; Coordinador de fut veterano<\/p>\n","protected":false},"excerpt":{"rendered":"<div class=\"mh-excerpt\"><p>Francisco Ba\u00f1aga Nuevo Presidente de la Liga Futbol del Valle de Maneadero ENSENADA.- Francisco Ba\u00f1aga es el nuevo dirigente de la Liga Rural de futbol <a class=\"mh-excerpt-more\" href=\"https:\/\/bcdeportes.com\/?p=36463\" title=\"Francisco Ba\u00f1aga Nuevo Presidente de la Liga Futbol del Valle de Maneadero\">[&#8230;]<\/a><\/p>\n<\/div>","protected":false},"author":2,"featured_media":36464,"comment_status":"closed","ping_status":"closed","sticky":false,"template":"","format":"standard","meta":{"footnotes":""},"categories":[3],"tags":[],"class_list":["post-36463","post","type-post","status-publish","format-standard","has-post-thumbnail","hentry","category-futbol"],"_links":{"self":[{"href":"https:\/\/bcdeportes.com\/index.php?rest_route=\/wp\/v2\/posts\/36463","targetHints":{"allow":["GET"]}}],"collection":[{"href":"https:\/\/bcdeportes.com\/index.php?rest_route=\/wp\/v2\/posts"}],"about":[{"href":"https:\/\/bcdeportes.com\/index.php?rest_route=\/wp\/v2\/types\/post"}],"author":[{"embeddable":true,"href":"https:\/\/bcdeportes.com\/index.php?rest_route=\/wp\/v2\/users\/2"}],"replies":[{"embeddable":true,"href":"https:\/\/bcdeportes.com\/index.php?rest_route=%2Fwp%2Fv2%2Fcomments&post=36463"}],"version-history":[{"count":1,"href":"https:\/\/bcdeportes.com\/index.php?rest_route=\/wp\/v2\/posts\/36463\/revisions"}],"predecessor-version":[{"id":36465,"href":"https:\/\/bcdeportes.com\/index.php?rest_route=\/wp\/v2\/posts\/36463\/revisions\/36465"}],"wp:featuredmedia":[{"embeddable":true,"href":"https:\/\/bcdeportes.com\/index.php?rest_route=\/wp\/v2\/media\/36464"}],"wp:attachment":[{"href":"https:\/\/bcdeportes.com\/index.php?rest_route=%2Fwp%2Fv2%2Fmedia&parent=36463"}],"wp:term":[{"taxonomy":"category","embeddable":true,"href":"https:\/\/bcdeportes.com\/index.php?rest_route=%2Fwp%2Fv2%2Fcategories&post=36463"},{"taxonomy":"post_tag","embeddable":true,"href":"https:\/\/bcdeportes.com\/index.php?rest_route=%2Fwp%2Fv2%2Ftags&post=36463"}],"curies":[{"name":"wp","href":"https:\/\/api.w.org\/{rel}","templated":true}]}}