{"id":36298,"date":"2024-12-16T03:01:38","date_gmt":"2024-12-16T03:01:38","guid":{"rendered":"http:\/\/bcdeportes.com\/?p=36298"},"modified":"2024-12-16T03:01:39","modified_gmt":"2024-12-16T03:01:39","slug":"celebraron-estatal-de-tenis-de-mesa-en-ensenada","status":"publish","type":"post","link":"https:\/\/bcdeportes.com\/?p=36298","title":{"rendered":"Celebraron Estatal de Tenis de Mesa en Ensenada"},"content":{"rendered":"\n<p>Celebraron Estatal de Tenis de Mesa en Ensenada <\/p>\n\n\n\n<p>ENSENADA.- &nbsp;El\npasado s\u00e1bado 14 de diciembre arranc\u00f3 el camino rumbo a la medalla de oro de\nNacionales CONADE 2025 para los talentos de Tenis de Mesa de Baja California\ncon la realizaci\u00f3n del Campeonato Estatal en la sede del Complejo de Tenis de\nMesa del INDEBC que se encuentra en la UD Sullivan de la ciudad de Ensenada.<\/p>\n\n\n\n<p>En el evento participaron m\u00e1s de 30 atletas que\nbuscaron un lugar en el representativo bajacaliforniano que disputar\u00e1 los\neventos regionales y nacionales. <\/p>\n\n\n\n<p>El presidente de la Asociaci\u00f3n Estatal de Tenis de\nMesa de Baja California, El\u00edas Torres Balc\u00e1zar comparti\u00f3 los objetivos de la\nrealizaci\u00f3n del Campeonato Estatal y sus expectativas rumbo al proceso de la\nm\u00e1xima justa deportiva juvenil de M\u00e9xico.<\/p>\n\n\n\n<p>\u201cEl objetivo es conformar a la selecci\u00f3n que nos\nrepresentar\u00e1 en primera instancia en el Macro Regional y posteriormente en los\nNacionales CONADE 2025. Hoy compitieron 33 atletas de los cuales solo 23 ser\u00e1n\nparte del representativo, pero con los j\u00f3venes que quedar\u00e1n fuera se trabajar\u00e1\npara que el pr\u00f3ximo a\u00f1o consigan su boleto. Queremos superar el resultado del\nnacional 2024\u201d, coment\u00f3 El\u00edas Torres. <\/p>\n\n\n\n<p>Los primeros 4 lugares por categor\u00eda son los talentos\nseleccionados que competir\u00e1n bajo los colores de Baja California en el proceso\nrumbo a Nacionales CONADE 2025.&nbsp;&nbsp;&nbsp;&nbsp;&nbsp;&nbsp;&nbsp;&nbsp;&nbsp;&nbsp;&nbsp;&nbsp;&nbsp;&nbsp;&nbsp;&nbsp;&nbsp;&nbsp;&nbsp;&nbsp;&nbsp;&nbsp;&nbsp;&nbsp;&nbsp;&nbsp;&nbsp;&nbsp;&nbsp;&nbsp;&nbsp;&nbsp;&nbsp;&nbsp;&nbsp;&nbsp;&nbsp;&nbsp;&nbsp;&nbsp;&nbsp;&nbsp;&nbsp;&nbsp;&nbsp;&nbsp;&nbsp;&nbsp;&nbsp;&nbsp;&nbsp;&nbsp;&nbsp;&nbsp;&nbsp;&nbsp;&nbsp;&nbsp;&nbsp;&nbsp;&nbsp;&nbsp;&nbsp;&nbsp;&nbsp;&nbsp;&nbsp;&nbsp;&nbsp;&nbsp;&nbsp;&nbsp;\nResultados del Campeonato Estatal 2024<\/p>\n\n\n\n<p><strong>SUB 13 FEMENIL <\/strong><\/p>\n\n\n\n<p>1.- Militza Ibarra Flores \u2002\u2002<\/p>\n\n\n\n<p>2.- Paula Renata Landines Vega<\/p>\n\n\n\n<p>3.- Sofia Perales Guerrero \u2002<\/p>\n\n\n\n<p>4.- Abril Aim\u00e9 Ayala C\u00e1rdenas \u2002\u2002\u2002\u2002<\/p>\n\n\n\n<p><strong>SUB 13 VARONIL<\/strong><\/p>\n\n\n\n<p>1.- Alec Andre Gonz\u00e1lez Alcocer&nbsp; \u2002<\/p>\n\n\n\n<p>2.- Sebasti\u00e1n Castro M\u00e1rquez&nbsp; \u2002\u2002\u2002\u2002<\/p>\n\n\n\n<p>3.- Gael Alejandro Camarillo Ramos \u2002\u2002\u2002\u2002\u2002 <\/p>\n\n\n\n<p>4.- Leonardo Cabrales Cordero <\/p>\n\n\n\n<p><strong>SUB 15 FEMENIL <\/strong><\/p>\n\n\n\n<p>1.- Mizuki Muraoka Cese\u00f1a <\/p>\n\n\n\n<p>2.- Umiko Muraoka Cese\u00f1a <\/p>\n\n\n\n<p>3.- Ana Feria Garc\u00eda&nbsp;\n<\/p>\n\n\n\n<p>4.- Rebeca Carrillo Ortiz <\/p>\n\n\n\n<p><strong>SUB 15 VARONIL <\/strong><\/p>\n\n\n\n<p>1.- Shant Akoubian <\/p>\n\n\n\n<p>2.- Andr\u00e9 Colin Pascado <\/p>\n\n\n\n<p>3.- Germ\u00e1n Abel Camarillo Ramos <\/p>\n\n\n\n<p>4.- Armando Araiza Gastelum <\/p>\n\n\n\n<p><strong>SUB 19 FEMENIL <\/strong><\/p>\n\n\n\n<p>1.- Isabela Veles Talamantes <\/p>\n\n\n\n<p>SUB 19 VARONIL <\/p>\n\n\n\n<p>1.- Yael Emiliano S\u00e1nchez Becerra&nbsp; <\/p>\n\n\n\n<p>2.- Akio Muraoka Cese\u00f1a&nbsp; <\/p>\n\n\n\n<p>3.- Diego Haziel Garc\u00eda Estrada&nbsp; <\/p>\n\n\n\n<p>4.- Adler Alejandro Gonz\u00e1lez Alcocer <\/p>\n\n\n\n<p><strong>SUB 21 FEMENIL<\/strong><\/p>\n\n\n\n<p>1.- Natalia Valenzuela Gonz\u00e1lez<\/p>\n\n\n\n<p><strong>SUB 21 VARONIL <\/strong><\/p>\n\n\n\n<p>1.- Cristopher Orlando Acu\u00f1a Garc\u00eda <\/p>\n\n\n\n<p>2.- Jes\u00fas Ricardo Zaragoza Mart\u00ednez<\/p>\n","protected":false},"excerpt":{"rendered":"<div class=\"mh-excerpt\"><p>Celebraron Estatal de Tenis de Mesa en Ensenada ENSENADA.- &nbsp;El pasado s\u00e1bado 14 de diciembre arranc\u00f3 el camino rumbo a la medalla de oro de <a class=\"mh-excerpt-more\" href=\"https:\/\/bcdeportes.com\/?p=36298\" title=\"Celebraron Estatal de Tenis de Mesa en Ensenada\">[&#8230;]<\/a><\/p>\n<\/div>","protected":false},"author":2,"featured_media":36299,"comment_status":"closed","ping_status":"closed","sticky":false,"template":"","format":"standard","meta":{"footnotes":""},"categories":[8],"tags":[],"class_list":["post-36298","post","type-post","status-publish","format-standard","has-post-thumbnail","hentry","category-inde"],"_links":{"self":[{"href":"https:\/\/bcdeportes.com\/index.php?rest_route=\/wp\/v2\/posts\/36298","targetHints":{"allow":["GET"]}}],"collection":[{"href":"https:\/\/bcdeportes.com\/index.php?rest_route=\/wp\/v2\/posts"}],"about":[{"href":"https:\/\/bcdeportes.com\/index.php?rest_route=\/wp\/v2\/types\/post"}],"author":[{"embeddable":true,"href":"https:\/\/bcdeportes.com\/index.php?rest_route=\/wp\/v2\/users\/2"}],"replies":[{"embeddable":true,"href":"https:\/\/bcdeportes.com\/index.php?rest_route=%2Fwp%2Fv2%2Fcomments&post=36298"}],"version-history":[{"count":1,"href":"https:\/\/bcdeportes.com\/index.php?rest_route=\/wp\/v2\/posts\/36298\/revisions"}],"predecessor-version":[{"id":36300,"href":"https:\/\/bcdeportes.com\/index.php?rest_route=\/wp\/v2\/posts\/36298\/revisions\/36300"}],"wp:featuredmedia":[{"embeddable":true,"href":"https:\/\/bcdeportes.com\/index.php?rest_route=\/wp\/v2\/media\/36299"}],"wp:attachment":[{"href":"https:\/\/bcdeportes.com\/index.php?rest_route=%2Fwp%2Fv2%2Fmedia&parent=36298"}],"wp:term":[{"taxonomy":"category","embeddable":true,"href":"https:\/\/bcdeportes.com\/index.php?rest_route=%2Fwp%2Fv2%2Fcategories&post=36298"},{"taxonomy":"post_tag","embeddable":true,"href":"https:\/\/bcdeportes.com\/index.php?rest_route=%2Fwp%2Fv2%2Ftags&post=36298"}],"curies":[{"name":"wp","href":"https:\/\/api.w.org\/{rel}","templated":true}]}}