{"id":36252,"date":"2024-12-11T23:25:16","date_gmt":"2024-12-11T23:25:16","guid":{"rendered":"http:\/\/bcdeportes.com\/?p=36252"},"modified":"2024-12-11T23:25:16","modified_gmt":"2024-12-11T23:25:16","slug":"esgrimistas-bajacalifornianos-viajan-al-ii-selectivo-nacional-en-xalapa","status":"publish","type":"post","link":"https:\/\/bcdeportes.com\/?p=36252","title":{"rendered":"Esgrimistas Bajacalifornianos Viajan al II Selectivo Nacional en Xalapa"},"content":{"rendered":"\n<p>\nESGRIMISTAS BAJACALIFORNIANOS VIAJAN AL SEGUNDO SELECTIVO NACIONAL EN XALAPA<br>*Ser\u00e1 del 13 al 18 de diciembre y es clasificatorio para integrar las selecciones de M\u00e9xico<br>TIJUANA,\n Baja California. &#8211; La delegaci\u00f3n de esgrima de Baja California viajar\u00e1 a\n Xalapa, Veracruz, para participar en el Segundo Selectivo Nacional de \nEsgrima, un evento clasificatorio para integrar las selecciones \nnacionales rumbo al Campeonato Panamericano 2025, que se celebrar\u00e1 en \nAsunci\u00f3n, Paraguay.&nbsp;<br>El\n certamen, avalado por la Asociaci\u00f3n Deportiva Nacional de Esgrima \nMexicana, se desarrollar\u00e1 del 13 al 18 de diciembre en el Vel\u00f3dromo \nInternacional de Xalapa y reunir\u00e1 a m\u00e1s de 800 competidores de todo el \npa\u00eds.<br>Este selectivo es clave, ya que otorga puntos para el ranking nacional y la clasificaci\u00f3n a competencias internacionales.&nbsp;<br>Participar\u00e1n\n esgrimistas de todas las categor\u00edas, desde infantiles hasta avanzados, \nquienes buscar\u00e1n destacar en las diferentes armas y modalidades.<br>El\n representativo bajacaliforniano, considerado la potencia n\u00famero uno en \nesta disciplina, ha intensificado su preparaci\u00f3n con entrenamientos y \nconcentraciones en Mexicali, Ensenada y Tijuana.&nbsp;<br>Boris\n Esteban Mart\u00ednez Francia (florete), director t\u00e9cnico, junto con los \nentrenadores Santiago Bola\u00f1os Vancol (sable) y Carlos Pe\u00f1a (espada), han\n trabajado en la preparaci\u00f3n t\u00e9cnica, t\u00e1ctica y mental de los atletas en\n la instalaci\u00f3n del Centro de Alto Rendimiento.<br>Baja\n California, campe\u00f3n nacional en los Nacionales CONADE durante m\u00e1s de \nuna d\u00e9cada, buscar\u00e1 reafirmar su hegemon\u00eda tras los destacados \nresultados obtenidos en el Primer Selectivo Nacional realizado en \nQuer\u00e9taro, donde lograron medallas de oro, plata y bronce en todas las \ncategor\u00edas.&nbsp;<br>El\n equipo viajar\u00e1 con la meta de mantener su prestigio y asegurar lugares \nen la selecci\u00f3n mexicana para las pr\u00f3ximas competencias internacionales.\n\n<\/p>\n","protected":false},"excerpt":{"rendered":"<div class=\"mh-excerpt\"><p>ESGRIMISTAS BAJACALIFORNIANOS VIAJAN AL SEGUNDO SELECTIVO NACIONAL EN XALAPA*Ser\u00e1 del 13 al 18 de diciembre y es clasificatorio para integrar las selecciones de M\u00e9xicoTIJUANA, Baja <a class=\"mh-excerpt-more\" href=\"https:\/\/bcdeportes.com\/?p=36252\" title=\"Esgrimistas Bajacalifornianos Viajan al II Selectivo Nacional en Xalapa\">[&#8230;]<\/a><\/p>\n<\/div>","protected":false},"author":2,"featured_media":36253,"comment_status":"closed","ping_status":"closed","sticky":false,"template":"","format":"standard","meta":{"footnotes":""},"categories":[8],"tags":[],"class_list":["post-36252","post","type-post","status-publish","format-standard","has-post-thumbnail","hentry","category-inde"],"_links":{"self":[{"href":"https:\/\/bcdeportes.com\/index.php?rest_route=\/wp\/v2\/posts\/36252","targetHints":{"allow":["GET"]}}],"collection":[{"href":"https:\/\/bcdeportes.com\/index.php?rest_route=\/wp\/v2\/posts"}],"about":[{"href":"https:\/\/bcdeportes.com\/index.php?rest_route=\/wp\/v2\/types\/post"}],"author":[{"embeddable":true,"href":"https:\/\/bcdeportes.com\/index.php?rest_route=\/wp\/v2\/users\/2"}],"replies":[{"embeddable":true,"href":"https:\/\/bcdeportes.com\/index.php?rest_route=%2Fwp%2Fv2%2Fcomments&post=36252"}],"version-history":[{"count":1,"href":"https:\/\/bcdeportes.com\/index.php?rest_route=\/wp\/v2\/posts\/36252\/revisions"}],"predecessor-version":[{"id":36254,"href":"https:\/\/bcdeportes.com\/index.php?rest_route=\/wp\/v2\/posts\/36252\/revisions\/36254"}],"wp:featuredmedia":[{"embeddable":true,"href":"https:\/\/bcdeportes.com\/index.php?rest_route=\/wp\/v2\/media\/36253"}],"wp:attachment":[{"href":"https:\/\/bcdeportes.com\/index.php?rest_route=%2Fwp%2Fv2%2Fmedia&parent=36252"}],"wp:term":[{"taxonomy":"category","embeddable":true,"href":"https:\/\/bcdeportes.com\/index.php?rest_route=%2Fwp%2Fv2%2Fcategories&post=36252"},{"taxonomy":"post_tag","embeddable":true,"href":"https:\/\/bcdeportes.com\/index.php?rest_route=%2Fwp%2Fv2%2Ftags&post=36252"}],"curies":[{"name":"wp","href":"https:\/\/api.w.org\/{rel}","templated":true}]}}