{"id":355,"date":"2015-04-11T22:33:08","date_gmt":"2015-04-11T22:33:08","guid":{"rendered":"http:\/\/bcdeportes.com\/?p=355"},"modified":"2015-04-11T22:33:08","modified_gmt":"2015-04-11T22:33:08","slug":"conquista-remero-de-bc-regata-internacional-en-italia","status":"publish","type":"post","link":"https:\/\/bcdeportes.com\/?p=355","title":{"rendered":"CONQUISTA REMERO DE BC REGATA INTERNACIONAL EN ITALIA"},"content":{"rendered":"<div class=\"readMsgBody\">\n<div id=\"bodyreadMessagePartBodyControl300f\" class=\"ExternalClass MsgBodyContainer\" data-link=\"class{:~tag.cssClasses(PlainText, IsContentFiltered)}\">\n<div dir=\"ltr\">\n<p class=\"ecxMsoNormal\" align=\"center\"><b>CONQUISTA REMERO DE BC REGATA INTERNACIONAL EN ITALIA<\/b><\/p>\n<p class=\"ecxMsoNormal\"><b><i>*El bajacaliforniano Alexis L\u00f3pez se proclam\u00f3 campe\u00f3n de la tradicional regata Paolo D\u00b4Aloja<\/i><\/b><\/p>\n<p class=\"ecxMsoNormal\">MEXICALI, Baja California, 11 de 04 de abril de 2015.- El campe\u00f3n del mundo en remo bajo techo, el bajacaliforniano Alexis Bladimir L\u00f3pez, gan\u00f3 este s\u00e1bado el segundo t\u00edtulo internacional, al convertirse en el nuevo monarca en single Junior en la XXIX Regata Internacional Paolo D\u00b4Aloja en Italia.<\/p>\n<p class=\"ecxMsoNormal\">En el Lago Piediluco, del poblado con el mismo nombre, Alexis L\u00f3pez ha hecho historia en la tradicional regata, al ganar la competencia con un tiempo de 7:09.71 minutos.<\/p>\n<p class=\"ecxMsoNormal\">Con ello, remero sanfelipense ha sumado el segundo t\u00edtulo a nivel internacional, luego de que el pasado mes de 1 de marzo conquist\u00f3 el Campeonato Mundial Bajo Techo en Boston, con un tiempo de 6:22.5 minutos.<\/p>\n<p class=\"ecxMsoNormal\">Alexis L\u00f3pez sostuvo una f\u00e9rrea batalla con el lituano Armandas Kelmelis, quien se llev\u00f3 el segundo lugar con 7:11.81, mientras que, el italiano Gabriel Soares fue tercero con 7:18.66.<\/p>\n<p class=\"ecxMsoNormal\">Desde la salida, Alexis L\u00f3pez y Armandas Kelmelis brindaron un grandioso duelo en el Lago Piediluco, donde el bajacaliforniano sacaba un segundo de ventaja al cruzar los primeros 500 metros.<\/p>\n<p class=\"ecxMsoNormal\">A la mitad de la competencia, el bajacaliforniano aument\u00f3 la ventaja por dos segundos y en los 1,500 metros apenas eran tres segundos; al final, Alexis L\u00f3pez pudo mantenerse en la cima y llevarse todos los honores en este 2015 en la Regata Internacional Paolo D\u00b4Aloja.<\/p>\n<\/div>\n<\/div>\n<\/div>\n","protected":false},"excerpt":{"rendered":"<div class=\"mh-excerpt\"><p>CONQUISTA REMERO DE BC REGATA INTERNACIONAL EN ITALIA *El bajacaliforniano Alexis L\u00f3pez se proclam\u00f3 campe\u00f3n de la tradicional regata Paolo D\u00b4Aloja MEXICALI, Baja California, 11 <a class=\"mh-excerpt-more\" href=\"https:\/\/bcdeportes.com\/?p=355\" title=\"CONQUISTA REMERO DE BC REGATA INTERNACIONAL EN ITALIA\">[&#8230;]<\/a><\/p>\n<\/div>","protected":false},"author":2,"featured_media":0,"comment_status":"open","ping_status":"open","sticky":false,"template":"","format":"standard","meta":{"footnotes":""},"categories":[8],"tags":[],"class_list":["post-355","post","type-post","status-publish","format-standard","hentry","category-inde"],"_links":{"self":[{"href":"https:\/\/bcdeportes.com\/index.php?rest_route=\/wp\/v2\/posts\/355","targetHints":{"allow":["GET"]}}],"collection":[{"href":"https:\/\/bcdeportes.com\/index.php?rest_route=\/wp\/v2\/posts"}],"about":[{"href":"https:\/\/bcdeportes.com\/index.php?rest_route=\/wp\/v2\/types\/post"}],"author":[{"embeddable":true,"href":"https:\/\/bcdeportes.com\/index.php?rest_route=\/wp\/v2\/users\/2"}],"replies":[{"embeddable":true,"href":"https:\/\/bcdeportes.com\/index.php?rest_route=%2Fwp%2Fv2%2Fcomments&post=355"}],"version-history":[{"count":1,"href":"https:\/\/bcdeportes.com\/index.php?rest_route=\/wp\/v2\/posts\/355\/revisions"}],"predecessor-version":[{"id":357,"href":"https:\/\/bcdeportes.com\/index.php?rest_route=\/wp\/v2\/posts\/355\/revisions\/357"}],"wp:attachment":[{"href":"https:\/\/bcdeportes.com\/index.php?rest_route=%2Fwp%2Fv2%2Fmedia&parent=355"}],"wp:term":[{"taxonomy":"category","embeddable":true,"href":"https:\/\/bcdeportes.com\/index.php?rest_route=%2Fwp%2Fv2%2Fcategories&post=355"},{"taxonomy":"post_tag","embeddable":true,"href":"https:\/\/bcdeportes.com\/index.php?rest_route=%2Fwp%2Fv2%2Ftags&post=355"}],"curies":[{"name":"wp","href":"https:\/\/api.w.org\/{rel}","templated":true}]}}