{"id":33716,"date":"2024-02-14T20:22:44","date_gmt":"2024-02-14T20:22:44","guid":{"rendered":"http:\/\/bcdeportes.com\/?p=33716"},"modified":"2024-02-14T20:24:01","modified_gmt":"2024-02-14T20:24:01","slug":"33716","status":"publish","type":"post","link":"https:\/\/bcdeportes.com\/?p=33716","title":{"rendered":"CONFORMA BC PRESELECCIONES DE BASQUETBOL CON MIRAS AL MACRO REGIONAL"},"content":{"rendered":"\n<p><a>CONFORMA BC PRESELECCIONES DE BASQUETBOL CON MIRAS AL MACRO REGIONAL<\/a><a>C<\/a><\/p>\n\n\n\n<p>MEXICALI, Baja California.- Con miras al Macro Regional de Basquetbol en Chihuahua, Baja California ha conformado las preselecciones en la rama varonil y femenil, en las categor\u00edas 2008-2009 y 2006-2007.<\/p>\n\n\n\n<p>De acuerdo Ademeba Baja California, en coordinaci\u00f3n con el INDE que preside Laura Marmolejo Toscano, contemplan llevar a cabo su primera concentraci\u00f3n rumbo al \u201cMacro\u201d, con las preselecciones varoniles en Mexicali y las femeniles en Tijuana.<\/p>\n\n\n\n<p>La preselecci\u00f3n 2006-2007 varonil est\u00e1 conformada por los ensenadenses Ariel Contreras, Humberto Casta\u00f1eda, Maximiliano Meza y Emiliano Reyes; y el rosaritense Ra\u00fal Lugo.<\/p>\n\n\n\n<p>De Mexicali han sido convocados Francisco P\u00e9rez Tejada, Joaqu\u00edn Rodr\u00edguez, Francisco \u00c1lvarez, Osmar Mej\u00eda, Antonio S\u00e1nchez, Gael Villavicencio, Kevin L\u00f3pez y el entrenador Emmanuel Barrag\u00e1n.<\/p>\n\n\n\n<p>De Tijuana, sudar\u00e1n la camiseta Mauricio Jim\u00e9nez, Jorge Mayoral, \u00c1ngel Ochoa, Gael Hern\u00e1ndez, \u00c1ngel Esc\u00e1rcega, Fabio Osuna, Luis Guizar y Juan Acosta, as\u00ed como el asistente Ram\u00f3n Arsenio.<\/p>\n\n\n\n<p>Los preseleccionados en la 2008-2009 varonil son los ensenadenses Kaerym Araiza, Antonio Nieblas, Dante Acosta y Javier Fuentes; los tijuanenses Porter Orter, Brandon Mu\u00f1oz, David Araiza y Daniel Bautista; y el rosaritense Emiliano Robles.<\/p>\n\n\n\n<p>Los mexicalenses convocados son Luis Franquez, Julio Pizano, Daniel Carre\u00f3n, Luciano Fiorentini, Israel Godoy, Daniel Meza, \u00c1lvaro Pereira, Zarek Soto, Santiago Vazquez, Maximiliano del Cid y Sebasti\u00e1n Malave, el entrenador Gilberto Garc\u00eda y el asistente Adolfo Franco.<\/p>\n\n\n\n<p>En la 2008-2009 femenil han sido llamados la ensenadense Isabela Barraza, las mexicalenses L\u00eda Velasco, Camila L\u00f3pez, Lena Terrazas, Amor Heredia, Elizabeth Valenzuela, Maisha Islas, Sof\u00eda Cuevas e Isabella Illingworth y el asistente Jorge Venegas.<\/p>\n\n\n\n<p>Las tijuanenses convocadas son Jennifer Monserrath, Mar\u00eda Paola Valdez, Rebeca Bojorquez, Pamela Torres, M\u00eda Contreras, Renata Languren, Aidanna Mariscal, Malissa McKoy, Carrillo Awen y el entrenador Alberto S\u00e1nchez; as\u00ed como la rosaritense Evelyn Liquin y&nbsp;Paulett Cisneros, de San Quint\u00edn.<\/p>\n\n\n\n<p>En la 2006-2007 femenil, estar\u00e1n las ensenadenses Paloma Rivera, Sof\u00eda Guardado y Mariana Guzm\u00e1n; las mexicalenses Mariana Vega, Ana Medina, Ahsley Medrano, Paola Longoria y Renata L\u00f3pez.<\/p>\n\n\n\n<p>As\u00ed como las tijuanenses Alana Torres, Michelle Vazquez, Karla Reyes, Leyri Mirely Vega, Briana Rodr\u00edguez, B\u00e1rbara Antunez, Martha Estrada e Ivanna Caballero, el entrenador Juan \u00c1lvarez y el asistente Omar Garc\u00eda.<\/p>\n","protected":false},"excerpt":{"rendered":"<div class=\"mh-excerpt\"><p>CONFORMA BC PRESELECCIONES DE BASQUETBOL CON MIRAS AL MACRO REGIONALC MEXICALI, Baja California.- Con miras al Macro Regional de Basquetbol en Chihuahua, Baja California ha <a class=\"mh-excerpt-more\" href=\"https:\/\/bcdeportes.com\/?p=33716\" title=\"CONFORMA BC PRESELECCIONES DE BASQUETBOL CON MIRAS AL MACRO REGIONAL\">[&#8230;]<\/a><\/p>\n<\/div>","protected":false},"author":2,"featured_media":33717,"comment_status":"closed","ping_status":"closed","sticky":false,"template":"","format":"standard","meta":{"footnotes":""},"categories":[8],"tags":[],"class_list":["post-33716","post","type-post","status-publish","format-standard","has-post-thumbnail","hentry","category-inde"],"_links":{"self":[{"href":"https:\/\/bcdeportes.com\/index.php?rest_route=\/wp\/v2\/posts\/33716","targetHints":{"allow":["GET"]}}],"collection":[{"href":"https:\/\/bcdeportes.com\/index.php?rest_route=\/wp\/v2\/posts"}],"about":[{"href":"https:\/\/bcdeportes.com\/index.php?rest_route=\/wp\/v2\/types\/post"}],"author":[{"embeddable":true,"href":"https:\/\/bcdeportes.com\/index.php?rest_route=\/wp\/v2\/users\/2"}],"replies":[{"embeddable":true,"href":"https:\/\/bcdeportes.com\/index.php?rest_route=%2Fwp%2Fv2%2Fcomments&post=33716"}],"version-history":[{"count":2,"href":"https:\/\/bcdeportes.com\/index.php?rest_route=\/wp\/v2\/posts\/33716\/revisions"}],"predecessor-version":[{"id":33719,"href":"https:\/\/bcdeportes.com\/index.php?rest_route=\/wp\/v2\/posts\/33716\/revisions\/33719"}],"wp:featuredmedia":[{"embeddable":true,"href":"https:\/\/bcdeportes.com\/index.php?rest_route=\/wp\/v2\/media\/33717"}],"wp:attachment":[{"href":"https:\/\/bcdeportes.com\/index.php?rest_route=%2Fwp%2Fv2%2Fmedia&parent=33716"}],"wp:term":[{"taxonomy":"category","embeddable":true,"href":"https:\/\/bcdeportes.com\/index.php?rest_route=%2Fwp%2Fv2%2Fcategories&post=33716"},{"taxonomy":"post_tag","embeddable":true,"href":"https:\/\/bcdeportes.com\/index.php?rest_route=%2Fwp%2Fv2%2Ftags&post=33716"}],"curies":[{"name":"wp","href":"https:\/\/api.w.org\/{rel}","templated":true}]}}