{"id":33441,"date":"2024-01-15T03:06:05","date_gmt":"2024-01-15T03:06:05","guid":{"rendered":"http:\/\/bcdeportes.com\/?p=33441"},"modified":"2024-01-15T03:06:06","modified_gmt":"2024-01-15T03:06:06","slug":"tiene-baja-california-a-sus-campeones-en-escalada-deportiva","status":"publish","type":"post","link":"https:\/\/bcdeportes.com\/?p=33441","title":{"rendered":"TIENE BAJA CALIFORNIA A SUS CAMPEONES EN ESCALADA DEPORTIVA"},"content":{"rendered":"\n<p>TIENE BAJA CALIFORNIA A SUS CAMPEONES EN ESCALADA DEPORTIVA<\/p>\n\n\n\n<p>*Con 16 deportistas se llev\u00f3 a cabo la eliminatoria estatal de escalada, donde surgieron los pr\u00f3ximos representantes de BC<\/p>\n\n\n\n<p>MEXICALI, Baja California.- En ruta a los Nacionales Conade 2024, Mexicali se llev\u00f3 tres t\u00edtulos y Ensenada dos en el Campeonato Estatal de Escalada Deportiva 2024, realizado este domingo en el Gimnasio Rock On de esta ciudad.<\/p>\n\n\n\n<p>Con la participaci\u00f3n de 16 deportistas, en las categor\u00edas 14-15 a\u00f1os, 16-17 y 18-19, en ambas ramas, Baja California tiene a sus primeros representantes en los siguientes Nacionales Conade 2024.<\/p>\n\n\n\n<p>Los t\u00edtulos para la capital bajacaliforniana fueron de Erick Arroyo en la categor\u00eda 16-17 a\u00f1os, luego conquistar con cuatro puntos la Zona y Top; Laura Hern\u00e1ndez en 18-19 y Siari Nacif Herrera en 14-15, tambi\u00e9n con paso perfecto en Zona y Top.<\/p>\n\n\n\n<p>Ensenada festej\u00f3 los campeonatos con Gael \u00c1lvarez en la categor\u00eda 14-15 a\u00f1os, luego de una competencia en la Zona y en Top; y con Nathalia Jim\u00e9nez en la 16-17.<\/p>\n\n\n\n<p>De acuerdo a la Asociaci\u00f3n Estatal de Escalada Deportiva, los primeros dos lugares tienen su pase a los Nacionales Conade 2024, por lo que Garreth Arroyo acompa\u00f1ar\u00e1 a su hermano, Erick, como segundo lugar en la categor\u00eda 16-17 a\u00f1os.<\/p>\n\n\n\n<p>Kaled L\u00f3pez termin\u00f3 en segundo lugar en la categor\u00eda 14-15 a\u00f1os, donde el campe\u00f3n fue Gael \u00c1lvarez; Alondra Molina fue subcampeona en 18-19; Armida Lucero en 16-17 y Sophia de Dios en 14-15.<\/p>\n","protected":false},"excerpt":{"rendered":"<div class=\"mh-excerpt\"><p>TIENE BAJA CALIFORNIA A SUS CAMPEONES EN ESCALADA DEPORTIVA *Con 16 deportistas se llev\u00f3 a cabo la eliminatoria estatal de escalada, donde surgieron los pr\u00f3ximos <a class=\"mh-excerpt-more\" href=\"https:\/\/bcdeportes.com\/?p=33441\" title=\"TIENE BAJA CALIFORNIA A SUS CAMPEONES EN ESCALADA DEPORTIVA\">[&#8230;]<\/a><\/p>\n<\/div>","protected":false},"author":2,"featured_media":33442,"comment_status":"closed","ping_status":"closed","sticky":false,"template":"","format":"standard","meta":{"footnotes":""},"categories":[8],"tags":[],"class_list":["post-33441","post","type-post","status-publish","format-standard","has-post-thumbnail","hentry","category-inde"],"_links":{"self":[{"href":"https:\/\/bcdeportes.com\/index.php?rest_route=\/wp\/v2\/posts\/33441","targetHints":{"allow":["GET"]}}],"collection":[{"href":"https:\/\/bcdeportes.com\/index.php?rest_route=\/wp\/v2\/posts"}],"about":[{"href":"https:\/\/bcdeportes.com\/index.php?rest_route=\/wp\/v2\/types\/post"}],"author":[{"embeddable":true,"href":"https:\/\/bcdeportes.com\/index.php?rest_route=\/wp\/v2\/users\/2"}],"replies":[{"embeddable":true,"href":"https:\/\/bcdeportes.com\/index.php?rest_route=%2Fwp%2Fv2%2Fcomments&post=33441"}],"version-history":[{"count":1,"href":"https:\/\/bcdeportes.com\/index.php?rest_route=\/wp\/v2\/posts\/33441\/revisions"}],"predecessor-version":[{"id":33443,"href":"https:\/\/bcdeportes.com\/index.php?rest_route=\/wp\/v2\/posts\/33441\/revisions\/33443"}],"wp:featuredmedia":[{"embeddable":true,"href":"https:\/\/bcdeportes.com\/index.php?rest_route=\/wp\/v2\/media\/33442"}],"wp:attachment":[{"href":"https:\/\/bcdeportes.com\/index.php?rest_route=%2Fwp%2Fv2%2Fmedia&parent=33441"}],"wp:term":[{"taxonomy":"category","embeddable":true,"href":"https:\/\/bcdeportes.com\/index.php?rest_route=%2Fwp%2Fv2%2Fcategories&post=33441"},{"taxonomy":"post_tag","embeddable":true,"href":"https:\/\/bcdeportes.com\/index.php?rest_route=%2Fwp%2Fv2%2Ftags&post=33441"}],"curies":[{"name":"wp","href":"https:\/\/api.w.org\/{rel}","templated":true}]}}