{"id":33353,"date":"2024-01-09T00:38:22","date_gmt":"2024-01-09T00:38:22","guid":{"rendered":"http:\/\/bcdeportes.com\/?p=33353"},"modified":"2024-01-09T00:38:23","modified_gmt":"2024-01-09T00:38:23","slug":"en-febrero-quedara-el-salon-de-la-fama-del-deporte-de-ensenada","status":"publish","type":"post","link":"https:\/\/bcdeportes.com\/?p=33353","title":{"rendered":"En Febrero Quedara El Sal\u00f3n de la Fama del Deporte de Ensenada"},"content":{"rendered":"\n<p>En Febrero Quedara El Sal\u00f3n de la Fama del Deporte de\nEnsenada<\/p>\n\n\n\n<p>ENSENADA.- En la segunda quincena de febrero se prev\u00e9\nque concluyan los trabajos estructurales del Sal\u00f3n de la Fama, ubicado en un\nespacio del Centro Social, C\u00edvico, Cultural Riviera y que guardara material\ndeportiva de reconocidos deportistas que han puesto en alto el nombre de\nEnsenada.<\/p>\n\n\n\n<p>El alcalde Armando Ayala Robles inform\u00f3 que hasta el\nmomento se han invertido 2.2 millones de pesos, en la rehabilitaci\u00f3n integral\ndel espacio que registraba un deterioro importante y problemas de filtraciones.<\/p>\n\n\n\n<p>Resalt\u00f3 que el mes entrante, la constructora entregar\u00e1\nla obra al Ayuntamiento mientras se trabaja para reunir la memorabilia\ndeportiva necesaria para que el Sal\u00f3n de la Fama abra sus puertas.<\/p>\n\n\n\n<p>\u00abSin embargo, una vez que concluya este proceso,\nharemos un gran evento para reconocer al talento ensenadense\u201d, expres\u00f3 el\nprimer edil.<\/p>\n\n\n\n<p>El regidor Sergio Ayala Laveaga, presidente de la\nComisi\u00f3n del Deporte, adelant\u00f3 que en los pr\u00f3ximos d\u00edas se presentar\u00e1 ante el\nCabildo una terna para elegir el nombre que llevar\u00e1 este espacio.<\/p>\n\n\n\n<p>Adem\u00e1s, de que indic\u00f3 que en conjunto con el Instituto\nMunicipal del Deporte y Recreaci\u00f3n (Inmudere), se trabaja en una convocatoria\npara reunir art\u00edculos de personajes reconocidos en la escena deportiva.<\/p>\n\n\n\n<p>Respecto a la parte t\u00e9cnica, Jaime Figueroa Tentori,\ndirector de Infraestructura Municipal, precis\u00f3 que los trabajos estructurales\nest\u00e1n en la recta final, pero est\u00e1 pendiente el tema del mobiliario, pues se\nhan hecho diversos ajustes en medidas y especificaciones de vitrinas, repisas,\netc\u00e9tera.<\/p>\n\n\n\n<p>\u201cDe mediados de noviembre a la fecha se repararon los\nmuros que estaban bastante deteriorados, eso incluy\u00f3 la impermeabilizaci\u00f3n de\ntodo el espacio para detener las filtraciones. Se instalaron plafones y se\nhicieron las divisiones con muros de tablaroca\u201d, apunt\u00f3.<\/p>\n\n\n\n<p>Francisco Montes, contratista responsable del\nproyecto, agreg\u00f3 que est\u00e1 por instalarse loseta de porcelana de gran formato y\nposteriormente, se empezar\u00e1 a colocar el mobiliario -conforme se vaya\nfabricando-, ya que la meta es concluir los trabajos despu\u00e9s de la primera\nquincena de febrero.<\/p>\n","protected":false},"excerpt":{"rendered":"<div class=\"mh-excerpt\"><p>En Febrero Quedara El Sal\u00f3n de la Fama del Deporte de Ensenada ENSENADA.- En la segunda quincena de febrero se prev\u00e9 que concluyan los trabajos <a class=\"mh-excerpt-more\" href=\"https:\/\/bcdeportes.com\/?p=33353\" title=\"En Febrero Quedara El Sal\u00f3n de la Fama del Deporte de Ensenada\">[&#8230;]<\/a><\/p>\n<\/div>","protected":false},"author":2,"featured_media":33354,"comment_status":"closed","ping_status":"closed","sticky":false,"template":"","format":"standard","meta":{"footnotes":""},"categories":[9,1],"tags":[],"class_list":["post-33353","post","type-post","status-publish","format-standard","has-post-thumbnail","hentry","category-inmudere","category-uncategorized"],"_links":{"self":[{"href":"https:\/\/bcdeportes.com\/index.php?rest_route=\/wp\/v2\/posts\/33353","targetHints":{"allow":["GET"]}}],"collection":[{"href":"https:\/\/bcdeportes.com\/index.php?rest_route=\/wp\/v2\/posts"}],"about":[{"href":"https:\/\/bcdeportes.com\/index.php?rest_route=\/wp\/v2\/types\/post"}],"author":[{"embeddable":true,"href":"https:\/\/bcdeportes.com\/index.php?rest_route=\/wp\/v2\/users\/2"}],"replies":[{"embeddable":true,"href":"https:\/\/bcdeportes.com\/index.php?rest_route=%2Fwp%2Fv2%2Fcomments&post=33353"}],"version-history":[{"count":1,"href":"https:\/\/bcdeportes.com\/index.php?rest_route=\/wp\/v2\/posts\/33353\/revisions"}],"predecessor-version":[{"id":33355,"href":"https:\/\/bcdeportes.com\/index.php?rest_route=\/wp\/v2\/posts\/33353\/revisions\/33355"}],"wp:featuredmedia":[{"embeddable":true,"href":"https:\/\/bcdeportes.com\/index.php?rest_route=\/wp\/v2\/media\/33354"}],"wp:attachment":[{"href":"https:\/\/bcdeportes.com\/index.php?rest_route=%2Fwp%2Fv2%2Fmedia&parent=33353"}],"wp:term":[{"taxonomy":"category","embeddable":true,"href":"https:\/\/bcdeportes.com\/index.php?rest_route=%2Fwp%2Fv2%2Fcategories&post=33353"},{"taxonomy":"post_tag","embeddable":true,"href":"https:\/\/bcdeportes.com\/index.php?rest_route=%2Fwp%2Fv2%2Ftags&post=33353"}],"curies":[{"name":"wp","href":"https:\/\/api.w.org\/{rel}","templated":true}]}}