{"id":33173,"date":"2023-12-13T23:47:36","date_gmt":"2023-12-13T23:47:36","guid":{"rendered":"http:\/\/bcdeportes.com\/?p=33173"},"modified":"2023-12-13T23:47:36","modified_gmt":"2023-12-13T23:47:36","slug":"reconocen-al-maestro-de-educacion-fisica-jesus-alzaga-por-34-anos-de-servicio","status":"publish","type":"post","link":"https:\/\/bcdeportes.com\/?p=33173","title":{"rendered":"Reconocen al Maestro de Educaci\u00f3n F\u00edsica Jes\u00fas Alzaga Por 34 A\u00f1os de Servicio"},"content":{"rendered":"\n<p>Reconocen\nal Maestro de Educaci\u00f3n F\u00edsica Jes\u00fas Alzaga Por 34 A\u00f1os de Servicio<\/p>\n\n\n\n<p>ENSENADA.-\nLa Coordinaci\u00f3n Municipal de Educaci\u00f3n F\u00edsica nivel primaria&nbsp; hizo entrega de un reconocimiento al Maestro\nJos\u00e9 de Jes\u00fas Alzaga Vega por su jubilaci\u00f3n despu\u00e9s de 34 a\u00f1os de servicio,\nprimero como profesor de Educaci\u00f3n F\u00edsica, despu\u00e9s como asesor T\u00e9cnico\nPedag\u00f3gico dentro del Sistema Educativo.<\/p>\n\n\n\n<p>La\nUnidad Deportiva Ra\u00fal Ram\u00edrez Lozano fue el marco donde se dieron cita los\nprofesores adscritos a la Coordinaci\u00f3n Municipal que encabeza el Dr. Luis\nSantiago S\u00e1nchez Parada que hizo uso de la voz a nombre de sus compa\u00f1eros&nbsp; para dar lectura a la placa que se le entrego\n, despu\u00e9s el propio maestro Alzaga Vega agradeci\u00f3 los ah\u00ed presentes por este\nsignificativo homenaje que le hicieron por motivo de su jubilaci\u00f3n , de igual\nmanera dio las gracias a los alumnos y padres de familia que asistieron como\ntestigos de su reconociendo.<\/p>\n\n\n\n<p>Estuvieron\npresentes su hermano&nbsp; Maestro Jos\u00e9\nAlberto Alzaga Vega&nbsp; y el Profr. Arturo\nRodr\u00edguez que represento a Inmudere.<\/p>\n\n\n\n<p>Entre\nlas funciones que hizo durante su vida laboral el Maestro Jes\u00fas Alzaga fue\ndocente en la esc. Primaria Juan Manuel Cullingford L\u00f3pez, adem\u00e1s de ser\ncapacitador de maestros en sus procesos de ingreso a Carrera Magisterial e\nimparti\u00f3 un sinf\u00edn de cursos y capacitaciones a los docentes de Educaci\u00f3n\nF\u00edsica de los niveles Primaria y Secundaria en nuestra ciudad y es parte de los\nColectivos de Educaci\u00f3n F\u00edsica a nivel Nacional, en la parte sindical fue\nSecretario General de E.F. del SETE BC, asi es que con este emotivo acto da el\ncierre a su vida laboral.&nbsp; <\/p>\n","protected":false},"excerpt":{"rendered":"<div class=\"mh-excerpt\"><p>Reconocen al Maestro de Educaci\u00f3n F\u00edsica Jes\u00fas Alzaga Por 34 A\u00f1os de Servicio ENSENADA.- La Coordinaci\u00f3n Municipal de Educaci\u00f3n F\u00edsica nivel primaria&nbsp; hizo entrega de <a class=\"mh-excerpt-more\" href=\"https:\/\/bcdeportes.com\/?p=33173\" title=\"Reconocen al Maestro de Educaci\u00f3n F\u00edsica Jes\u00fas Alzaga Por 34 A\u00f1os de Servicio\">[&#8230;]<\/a><\/p>\n<\/div>","protected":false},"author":2,"featured_media":33174,"comment_status":"closed","ping_status":"closed","sticky":false,"template":"","format":"standard","meta":{"footnotes":""},"categories":[1],"tags":[],"class_list":["post-33173","post","type-post","status-publish","format-standard","has-post-thumbnail","hentry","category-uncategorized"],"_links":{"self":[{"href":"https:\/\/bcdeportes.com\/index.php?rest_route=\/wp\/v2\/posts\/33173","targetHints":{"allow":["GET"]}}],"collection":[{"href":"https:\/\/bcdeportes.com\/index.php?rest_route=\/wp\/v2\/posts"}],"about":[{"href":"https:\/\/bcdeportes.com\/index.php?rest_route=\/wp\/v2\/types\/post"}],"author":[{"embeddable":true,"href":"https:\/\/bcdeportes.com\/index.php?rest_route=\/wp\/v2\/users\/2"}],"replies":[{"embeddable":true,"href":"https:\/\/bcdeportes.com\/index.php?rest_route=%2Fwp%2Fv2%2Fcomments&post=33173"}],"version-history":[{"count":1,"href":"https:\/\/bcdeportes.com\/index.php?rest_route=\/wp\/v2\/posts\/33173\/revisions"}],"predecessor-version":[{"id":33175,"href":"https:\/\/bcdeportes.com\/index.php?rest_route=\/wp\/v2\/posts\/33173\/revisions\/33175"}],"wp:featuredmedia":[{"embeddable":true,"href":"https:\/\/bcdeportes.com\/index.php?rest_route=\/wp\/v2\/media\/33174"}],"wp:attachment":[{"href":"https:\/\/bcdeportes.com\/index.php?rest_route=%2Fwp%2Fv2%2Fmedia&parent=33173"}],"wp:term":[{"taxonomy":"category","embeddable":true,"href":"https:\/\/bcdeportes.com\/index.php?rest_route=%2Fwp%2Fv2%2Fcategories&post=33173"},{"taxonomy":"post_tag","embeddable":true,"href":"https:\/\/bcdeportes.com\/index.php?rest_route=%2Fwp%2Fv2%2Ftags&post=33173"}],"curies":[{"name":"wp","href":"https:\/\/api.w.org\/{rel}","templated":true}]}}