{"id":33167,"date":"2023-12-13T22:31:17","date_gmt":"2023-12-13T22:31:17","guid":{"rendered":"http:\/\/bcdeportes.com\/?p=33167"},"modified":"2023-12-13T22:31:18","modified_gmt":"2023-12-13T22:31:18","slug":"destacan-nadadores-del-colegio-firenze-en-estatal-de-natacion","status":"publish","type":"post","link":"https:\/\/bcdeportes.com\/?p=33167","title":{"rendered":"Destacan Nadadores del Colegio Firenze en Estatal de Nataci\u00f3n"},"content":{"rendered":"\n<p>Destacan\nNadadores del Colegio Firenze en Estatal de Nataci\u00f3n<\/p>\n\n\n\n<p>ENSENADA.-\nGran actuaci\u00f3n tuvieron los nadadores que llevaron la representaci\u00f3n del Colegio\nFirenze Ensenada alcanzando 9 medallas dentro del Campeonato Estatal de Nataci\u00f3n\n10 y Menores Curso Corto 2023 celebrado en la alberca del Centro de Alto\nRendimiento de Tijuana los d\u00edas 9 y 10 de diciembre.<\/p>\n\n\n\n<p>Dentro\nde los nadadores del Colegio Firenze destacaron las figuras de Mateo Vargas\nganando todas las pruebas para ser el campe\u00f3n estatal 2023 de la categor\u00eda 8 y\nMenores Varonil, siendo catalogado como la promesa de la nataci\u00f3n de Baja\nCalifornia, as\u00ed como Melisa Vargas que gano casi todas sus pruebas obteniendo\nel primer lugar en la categor\u00eda&nbsp; 9 y 10\nfemenil y Regina Reyes con tan solo 4 a\u00f1os quedo en segundo lugar por puntos en\nla categor\u00eda&nbsp; de 8 y menores.<\/p>\n\n\n\n<p>El\nequipo competitivo del Colegio Firenze fue representado por los atletas<\/p>\n\n\n\n<p>Mateo\nVargas, Alan acosta, Regina Reyes, Ana Sof\u00eda Bravo, Ana Acosta, Katherine Rodr\u00edguez,\nMelissa Vel\u00e1zquez, Vianney Morales, Liliana Gonz\u00e1lez, ellos bajo la direcci\u00f3n del\nmaestro Felipe L\u00f3pez Santacruz y participando todos en las pruebas<\/p>\n\n\n\n<p>50\nlibre, 50 mariposa, 50 dorso, 50 pecho, 100 libre, 100 mariposa, 100 pecho<\/p>\n\n\n\n<p>\u201cFuimos\nel equipo con mejores resultados en la competencia, donde se vio reflejado el\ngran esfuerzo que realizo cada uno delos ni\u00f1os en sus pruebas que nadaron y agradecemos\nel total apoyo del Colegio Firenze y los padres de familia que siempre\nestuvieron&nbsp; motivado en cada competencia\nde los nadadores\u201d, comento el profesor de nataci\u00f3n, Felipe L\u00f3pez Santacruz.<\/p>\n\n\n\n<p>Los\nresultados obtenidos por los nadadores del Colegio Firenze fueron:<\/p>\n\n\n\n<p><strong>Categor\u00eda 8 y Menores Varonil<\/strong><\/p>\n\n\n\n<p>Mateo\nVargas; Campe\u00f3n Estatal 2023<\/p>\n\n\n\n<p>Alan\nAcosta; Tercer Lugar por Puntos<\/p>\n\n\n\n<p><strong>Categor\u00eda 8 y Menores Femenil<\/strong><\/p>\n\n\n\n<p>Regina\nReyes, Segundo Lugar por Puntos<\/p>\n\n\n\n<p><strong>Categor\u00eda 9 y 10 Femenil<\/strong><\/p>\n\n\n\n<p>Melisa\nV\u00e1zquez. Primer Lugar por Puntos<\/p>\n\n\n\n<p>Ana\nSof\u00eda Bravo; Segundo Lugar por Puntos<\/p>\n\n\n\n<p>Vianey\nMorales; Segundo Lugar por Puntos<\/p>\n\n\n\n<p>Ana\nAcosta; Cuarto Lugar por Puntos<\/p>\n\n\n\n<p>Liliana\nGonz\u00e1lez; Cuarto Lugar por Puntos<\/p>\n\n\n\n<p><strong>Categor\u00eda 13 y 14 A\u00f1os Femenil<\/strong><\/p>\n\n\n\n<p>Katherine\nRodr\u00edguez; Primer Lugar por Puntos<\/p>\n","protected":false},"excerpt":{"rendered":"<div class=\"mh-excerpt\"><p>Destacan Nadadores del Colegio Firenze en Estatal de Nataci\u00f3n ENSENADA.- Gran actuaci\u00f3n tuvieron los nadadores que llevaron la representaci\u00f3n del Colegio Firenze Ensenada alcanzando 9 <a class=\"mh-excerpt-more\" href=\"https:\/\/bcdeportes.com\/?p=33167\" title=\"Destacan Nadadores del Colegio Firenze en Estatal de Nataci\u00f3n\">[&#8230;]<\/a><\/p>\n<\/div>","protected":false},"author":2,"featured_media":33168,"comment_status":"closed","ping_status":"closed","sticky":false,"template":"","format":"standard","meta":{"footnotes":""},"categories":[1],"tags":[],"class_list":["post-33167","post","type-post","status-publish","format-standard","has-post-thumbnail","hentry","category-uncategorized"],"_links":{"self":[{"href":"https:\/\/bcdeportes.com\/index.php?rest_route=\/wp\/v2\/posts\/33167","targetHints":{"allow":["GET"]}}],"collection":[{"href":"https:\/\/bcdeportes.com\/index.php?rest_route=\/wp\/v2\/posts"}],"about":[{"href":"https:\/\/bcdeportes.com\/index.php?rest_route=\/wp\/v2\/types\/post"}],"author":[{"embeddable":true,"href":"https:\/\/bcdeportes.com\/index.php?rest_route=\/wp\/v2\/users\/2"}],"replies":[{"embeddable":true,"href":"https:\/\/bcdeportes.com\/index.php?rest_route=%2Fwp%2Fv2%2Fcomments&post=33167"}],"version-history":[{"count":1,"href":"https:\/\/bcdeportes.com\/index.php?rest_route=\/wp\/v2\/posts\/33167\/revisions"}],"predecessor-version":[{"id":33169,"href":"https:\/\/bcdeportes.com\/index.php?rest_route=\/wp\/v2\/posts\/33167\/revisions\/33169"}],"wp:featuredmedia":[{"embeddable":true,"href":"https:\/\/bcdeportes.com\/index.php?rest_route=\/wp\/v2\/media\/33168"}],"wp:attachment":[{"href":"https:\/\/bcdeportes.com\/index.php?rest_route=%2Fwp%2Fv2%2Fmedia&parent=33167"}],"wp:term":[{"taxonomy":"category","embeddable":true,"href":"https:\/\/bcdeportes.com\/index.php?rest_route=%2Fwp%2Fv2%2Fcategories&post=33167"},{"taxonomy":"post_tag","embeddable":true,"href":"https:\/\/bcdeportes.com\/index.php?rest_route=%2Fwp%2Fv2%2Ftags&post=33167"}],"curies":[{"name":"wp","href":"https:\/\/api.w.org\/{rel}","templated":true}]}}