{"id":32269,"date":"2023-09-19T04:37:33","date_gmt":"2023-09-19T04:37:33","guid":{"rendered":"http:\/\/bcdeportes.com\/?p=32269"},"modified":"2023-09-19T04:37:33","modified_gmt":"2023-09-19T04:37:33","slug":"se-concentrara-mexico-en-francia-previo-al-mundial-de-amberes-2023","status":"publish","type":"post","link":"https:\/\/bcdeportes.com\/?p=32269","title":{"rendered":"SE CONCENTRAR\u00c1 M\u00c9XICO EN FRANCIA PREVIO AL MUNDIAL DE AMBERES 2023"},"content":{"rendered":"\n<p>SE CONCENTRAR\u00c1 M\u00c9XICO EN FRANCIA PREVIO AL MUNDIAL DE AMBERES 2023 <\/p>\n\n\n\n<p>*Las gimnastas de Baja California, Alexa Moreno, oro y bronce en Par\u00eds 2023, Cassandra Loustalot y Natalia Escalera har\u00e1n campamento en Rouen<\/p>\n\n\n\n<p>MEXICALI, Baja California.- Luego de la Copa del Mundo Challenge de Par\u00eds 2023, la gimnasta ol\u00edmpica Alexa Moreno y el resto del equipo femenil de M\u00e9xico se concentrar\u00e1 en el Centro de Alto Rendimiento de Gimnasia de Rouen, Francia, antes de llegar al 52 Campeonato Mundial de Amberes 2023.<\/p>\n\n\n\n<p>Aldo Torres, entrenador de la campeona en salto y bronce en piso en la Copa del Mundo en Par\u00eds 2023, se\u00f1al\u00f3 que la delegaci\u00f3n mexicana se concentrar\u00e1 diez d\u00edas, antes de viajar a la cita mundialista en Amberes 2023.<\/p>\n\n\n\n<p>Las bajacalifornianas Alexa Moreno, Natalia Escalera y Cassandra Loustalot se concentrar\u00e1n junto a la jalisciense Ahtziri Sandoval y la potosina Paulina Campos, as\u00ed como los entrenadores oficiales de M\u00e9xico, Aldo Torres y Pavel Oceguera.<\/p>\n\n\n\n<p>El equipo mexicano pulir\u00e1 detalles en el campamento antes de presentarse en el 52 Campeonato Mundial en Amberes 2023, clasificatorio a los Juegos Ol\u00edmpicos de Par\u00eds 2024.<\/p>\n\n\n\n<p>El Palacio Deportivo de Amberes ser\u00e1 testigo de la distribuci\u00f3n de los \u00faltimos nueve lugares por equipos, en ambas ramas, a Par\u00eds 2024, para acompa\u00f1ar a Estados Unidos, Gran Breta\u00f1a y Canad\u00e1 en femenil y a China, Jap\u00f3n y Gran Breta\u00f1a en varonil, clasificados en Liverpool 2022.<\/p>\n\n\n\n<p>Amberes 2023 tambi\u00e9n ofrecer\u00e1 boletos en individual, siendo las ocho mejores en varonil y las 14 en femenil en el all-around, siempre y cuando su equipo no haya clasificado a Juegos Ol\u00edmpicos.<\/p>\n\n\n\n<p>Luego del 52 Campeonato Mundial, de acuerdo a la Federaci\u00f3n Internacional de Gimnasia, las \u00faltimas oportunidades de clasificar a Par\u00eds 2024 ser\u00e1n las Copas del Mundo por Aparatos y el Campeonato Continental el pr\u00f3ximo a\u00f1o.<\/p>\n\n\n\n<p>Hace 10 a\u00f1os, el Palacio de los Deportes de Amberes fue testigo de la primera medalla en un Campeonato Mundial para M\u00e9xico, una plata del bajacaliforniano Daniel Corral en caballo con arzones.<\/p>\n\n\n\n<p>Ahora, la \u201cCiudad de los Diamantes\u201d recibir\u00e1 a cinco bajacalifornianos en busca del sue\u00f1o ol\u00edmpico, adem\u00e1s, de las tres gimnastas, tambi\u00e9n a Isaac N\u00fa\u00f1ez y Rodrigo G\u00f3mez en varonil.<\/p>\n","protected":false},"excerpt":{"rendered":"<div class=\"mh-excerpt\"><p>SE CONCENTRAR\u00c1 M\u00c9XICO EN FRANCIA PREVIO AL MUNDIAL DE AMBERES 2023 *Las gimnastas de Baja California, Alexa Moreno, oro y bronce en Par\u00eds 2023, Cassandra <a class=\"mh-excerpt-more\" href=\"https:\/\/bcdeportes.com\/?p=32269\" title=\"SE CONCENTRAR\u00c1 M\u00c9XICO EN FRANCIA PREVIO AL MUNDIAL DE AMBERES 2023\">[&#8230;]<\/a><\/p>\n<\/div>","protected":false},"author":2,"featured_media":32270,"comment_status":"closed","ping_status":"closed","sticky":false,"template":"","format":"standard","meta":{"footnotes":""},"categories":[8],"tags":[],"class_list":["post-32269","post","type-post","status-publish","format-standard","has-post-thumbnail","hentry","category-inde"],"_links":{"self":[{"href":"https:\/\/bcdeportes.com\/index.php?rest_route=\/wp\/v2\/posts\/32269","targetHints":{"allow":["GET"]}}],"collection":[{"href":"https:\/\/bcdeportes.com\/index.php?rest_route=\/wp\/v2\/posts"}],"about":[{"href":"https:\/\/bcdeportes.com\/index.php?rest_route=\/wp\/v2\/types\/post"}],"author":[{"embeddable":true,"href":"https:\/\/bcdeportes.com\/index.php?rest_route=\/wp\/v2\/users\/2"}],"replies":[{"embeddable":true,"href":"https:\/\/bcdeportes.com\/index.php?rest_route=%2Fwp%2Fv2%2Fcomments&post=32269"}],"version-history":[{"count":1,"href":"https:\/\/bcdeportes.com\/index.php?rest_route=\/wp\/v2\/posts\/32269\/revisions"}],"predecessor-version":[{"id":32271,"href":"https:\/\/bcdeportes.com\/index.php?rest_route=\/wp\/v2\/posts\/32269\/revisions\/32271"}],"wp:featuredmedia":[{"embeddable":true,"href":"https:\/\/bcdeportes.com\/index.php?rest_route=\/wp\/v2\/media\/32270"}],"wp:attachment":[{"href":"https:\/\/bcdeportes.com\/index.php?rest_route=%2Fwp%2Fv2%2Fmedia&parent=32269"}],"wp:term":[{"taxonomy":"category","embeddable":true,"href":"https:\/\/bcdeportes.com\/index.php?rest_route=%2Fwp%2Fv2%2Fcategories&post=32269"},{"taxonomy":"post_tag","embeddable":true,"href":"https:\/\/bcdeportes.com\/index.php?rest_route=%2Fwp%2Fv2%2Ftags&post=32269"}],"curies":[{"name":"wp","href":"https:\/\/api.w.org\/{rel}","templated":true}]}}