{"id":31933,"date":"2023-08-24T19:26:52","date_gmt":"2023-08-24T19:26:52","guid":{"rendered":"http:\/\/bcdeportes.com\/?p=31933"},"modified":"2023-08-24T19:26:52","modified_gmt":"2023-08-24T19:26:52","slug":"sera-un-domingo-de-fiesta-atletica-medio-maraton-y-carrera-de-2-k","status":"publish","type":"post","link":"https:\/\/bcdeportes.com\/?p=31933","title":{"rendered":"Sera un Domingo de Fiesta Atl\u00e9tica Medio Marat\u00f3n y Carrera de 2 K"},"content":{"rendered":"\n<p>Sera\nun Domingo de Fiesta Atl\u00e9tica Medio Marat\u00f3n y Carrera de 2 K<\/p>\n\n\n\n<p>ENSENADA.-\nTras una pausa necesaria debido a las indicaciones de Protecci\u00f3n Civil a nivel\nestatal, el Instituto Municipal del Deporte y Recreaci\u00f3n de Ensenada anuncio la\nreanudaci\u00f3n de los emocionantes eventos deportivos del tan esperado Medio\nMarat\u00f3n Internacional Powerade Ensenada 2023.<\/p>\n\n\n\n<p>El\ndirector de Inmudere, V\u00edctor Octavio Gonz\u00e1lez Vel\u00e1zquez. Se\u00f1alo que el Domingo\n27 de agosto se correr\u00e1 el Medio Marat\u00f3n Internacional Powerade Ensenada 2023 y\nla carrera alterna \u00abCorre, camina o trota\u00bb de 2 km, esperando llenar\nlas calles de energ\u00eda y emoci\u00f3n, ambas carreras comenzar\u00e1n su emocionante\nrecorrido desde la Explanada de Playa Hermosa.<\/p>\n\n\n\n<p>El\nbanderazo de salida de la carrera de 21 km del Medio Marat\u00f3n Internacional\nPowerade Ensenada 2023 resonar\u00e1 a las 7:00 am, dando inicio a una competencia\ndesafiante que pondr\u00e1 a prueba los l\u00edmites de los atletas y a las 7:15 am, dar\u00e1\ncomienzo la carrera alterna de 2 km \u00abCorre, camina o trota\u00bb, en la\nque participantes de todos los niveles de condici\u00f3n f\u00edsica podr\u00e1n unirse a la\ndiversi\u00f3n.<\/p>\n\n\n\n<p>Entrega\nde Kits y Cena de Carbohidratos<\/p>\n\n\n\n<p>La\nentrega de kits para los inscritos en el Medio Marat\u00f3n Internacional Powerade\nEnsenada 2023 se llevar\u00e1 a cabo el s\u00e1bado 26 de agosto de 9:00 am a 5:00 pm en\nel acogedor entorno del San Nicolas Hotel &amp; Casino.<\/p>\n\n\n\n<p>Si\neres un corredor for\u00e1neo que viajar\u00e1 para ser parte de este emocionante evento,\nhabr\u00e1 una cena de carbohidratos para ti el mismo s\u00e1bado 26 de agosto a las 5:00\npm en el mismo hotel.<\/p>\n\n\n\n<p>Para\nobtener informaci\u00f3n actualizada y detalles adicionales sobre el Medio Marat\u00f3n\nInternacional Powerade Ensenada 2023 s\u00edguelos en sus redes sociales en\ninstagram @inmudere.ens y facebook como @inmudere<\/p>\n","protected":false},"excerpt":{"rendered":"<div class=\"mh-excerpt\"><p>Sera un Domingo de Fiesta Atl\u00e9tica Medio Marat\u00f3n y Carrera de 2 K ENSENADA.- Tras una pausa necesaria debido a las indicaciones de Protecci\u00f3n Civil <a class=\"mh-excerpt-more\" href=\"https:\/\/bcdeportes.com\/?p=31933\" title=\"Sera un Domingo de Fiesta Atl\u00e9tica Medio Marat\u00f3n y Carrera de 2 K\">[&#8230;]<\/a><\/p>\n<\/div>","protected":false},"author":2,"featured_media":31934,"comment_status":"closed","ping_status":"closed","sticky":false,"template":"","format":"standard","meta":{"footnotes":""},"categories":[9,1],"tags":[],"class_list":["post-31933","post","type-post","status-publish","format-standard","has-post-thumbnail","hentry","category-inmudere","category-uncategorized"],"_links":{"self":[{"href":"https:\/\/bcdeportes.com\/index.php?rest_route=\/wp\/v2\/posts\/31933","targetHints":{"allow":["GET"]}}],"collection":[{"href":"https:\/\/bcdeportes.com\/index.php?rest_route=\/wp\/v2\/posts"}],"about":[{"href":"https:\/\/bcdeportes.com\/index.php?rest_route=\/wp\/v2\/types\/post"}],"author":[{"embeddable":true,"href":"https:\/\/bcdeportes.com\/index.php?rest_route=\/wp\/v2\/users\/2"}],"replies":[{"embeddable":true,"href":"https:\/\/bcdeportes.com\/index.php?rest_route=%2Fwp%2Fv2%2Fcomments&post=31933"}],"version-history":[{"count":1,"href":"https:\/\/bcdeportes.com\/index.php?rest_route=\/wp\/v2\/posts\/31933\/revisions"}],"predecessor-version":[{"id":31935,"href":"https:\/\/bcdeportes.com\/index.php?rest_route=\/wp\/v2\/posts\/31933\/revisions\/31935"}],"wp:featuredmedia":[{"embeddable":true,"href":"https:\/\/bcdeportes.com\/index.php?rest_route=\/wp\/v2\/media\/31934"}],"wp:attachment":[{"href":"https:\/\/bcdeportes.com\/index.php?rest_route=%2Fwp%2Fv2%2Fmedia&parent=31933"}],"wp:term":[{"taxonomy":"category","embeddable":true,"href":"https:\/\/bcdeportes.com\/index.php?rest_route=%2Fwp%2Fv2%2Fcategories&post=31933"},{"taxonomy":"post_tag","embeddable":true,"href":"https:\/\/bcdeportes.com\/index.php?rest_route=%2Fwp%2Fv2%2Ftags&post=31933"}],"curies":[{"name":"wp","href":"https:\/\/api.w.org\/{rel}","templated":true}]}}