{"id":31430,"date":"2023-07-17T00:58:48","date_gmt":"2023-07-17T00:58:48","guid":{"rendered":"http:\/\/bcdeportes.com\/?p=31430"},"modified":"2023-07-17T00:58:48","modified_gmt":"2023-07-17T00:58:48","slug":"brillan-atletas-del-deportivo-salgado-en-el-torneo-sensei-alipio-ambriz","status":"publish","type":"post","link":"https:\/\/bcdeportes.com\/?p=31430","title":{"rendered":"Brillan Atletas del Deportivo salgado en el Torneo \u201cSensei Alipio Ambriz\u201d"},"content":{"rendered":"\n<p>Brillan Atletas\ndel Deportivo salgado en el Torneo \u201cSensei Alipio Ambriz\u201d<\/p>\n\n\n\n<p>ENSENADA.- Con la\nparticipaci\u00f3n de 25 atletas el club Deportivo Salgado logro la obtenci\u00f3n de 25\nmedallas en su participaci\u00f3n en el torneo de Judo en homenaje al sensei Alipio\nAmbriz Ambriz, celebrado en el gimnasio de la UABC de Valle Dorado en el puerto\nde Ensenada.<\/p>\n\n\n\n<p>Los judocas del\ndeportivo Salgado subieron al p\u00f3dium para colgarse 14 medallas de oro y 11 de\nplata, adem\u00e1s de un cuarto lugar.<\/p>\n\n\n\n<p>Las preseas de oro\nlas consiguieron: Leonardo Villa, Anita Moreno, Lluvia Reyes, Ad\u00e1n Jim\u00e9nez,\nGael Ba\u00f1uelos, Yareli Santiago, Juan Jos\u00e9 Uriarte, Citlalli Rojas, Manuel\nSantiago, Damian Carrillo, Ximena Aguayo, H\u00e9ctor G\u00f3mez, Victor Santiago, Sof\u00eda\nMadeline Flores (sordo mudos).<\/p>\n\n\n\n<p>Las platas se las\ncolgaron: Carlos Reyes, Andrea Espinoza, Pa\u00fal Calvillo, Santiago Carrillo,\nCamila Calvillo, Jackeline Reyes, Daniel N\u00fa\u00f1ez, Daniel Gudi\u00f1o, Tom\u00e1s Flores\n(sordo\/mudo), Rodolfo Espinoza, doble medallista de plata, al ayudar en la\ncategor\u00eda con capacidades diferentes y Alizze Cibri\u00e1n se llev\u00f3 un cuarto lugar.<\/p>\n\n\n\n<p>El Gran Master,\nJos\u00e9 Guadalupe Salgado al frente de los atletas del deportivo Salgado, mando un\nagradecimiento a las organizadoras del evento, Sensei Isabel Salgado Ruvalcaba,\nConcepci\u00f3n Hern\u00e1ndez Moncada, esperando se vuelva un evento anual, en\nreconocimiento a la gran labor en pro del Judo de nuestro estado por parte del\nSensei Alipio Ambriz Ambriz.<\/p>\n","protected":false},"excerpt":{"rendered":"<div class=\"mh-excerpt\"><p>Brillan Atletas del Deportivo salgado en el Torneo \u201cSensei Alipio Ambriz\u201d ENSENADA.- Con la participaci\u00f3n de 25 atletas el club Deportivo Salgado logro la obtenci\u00f3n <a class=\"mh-excerpt-more\" href=\"https:\/\/bcdeportes.com\/?p=31430\" title=\"Brillan Atletas del Deportivo salgado en el Torneo \u201cSensei Alipio Ambriz\u201d\">[&#8230;]<\/a><\/p>\n<\/div>","protected":false},"author":2,"featured_media":31431,"comment_status":"closed","ping_status":"closed","sticky":false,"template":"","format":"standard","meta":{"footnotes":""},"categories":[18,1],"tags":[],"class_list":["post-31430","post","type-post","status-publish","format-standard","has-post-thumbnail","hentry","category-judo","category-uncategorized"],"_links":{"self":[{"href":"https:\/\/bcdeportes.com\/index.php?rest_route=\/wp\/v2\/posts\/31430","targetHints":{"allow":["GET"]}}],"collection":[{"href":"https:\/\/bcdeportes.com\/index.php?rest_route=\/wp\/v2\/posts"}],"about":[{"href":"https:\/\/bcdeportes.com\/index.php?rest_route=\/wp\/v2\/types\/post"}],"author":[{"embeddable":true,"href":"https:\/\/bcdeportes.com\/index.php?rest_route=\/wp\/v2\/users\/2"}],"replies":[{"embeddable":true,"href":"https:\/\/bcdeportes.com\/index.php?rest_route=%2Fwp%2Fv2%2Fcomments&post=31430"}],"version-history":[{"count":1,"href":"https:\/\/bcdeportes.com\/index.php?rest_route=\/wp\/v2\/posts\/31430\/revisions"}],"predecessor-version":[{"id":31432,"href":"https:\/\/bcdeportes.com\/index.php?rest_route=\/wp\/v2\/posts\/31430\/revisions\/31432"}],"wp:featuredmedia":[{"embeddable":true,"href":"https:\/\/bcdeportes.com\/index.php?rest_route=\/wp\/v2\/media\/31431"}],"wp:attachment":[{"href":"https:\/\/bcdeportes.com\/index.php?rest_route=%2Fwp%2Fv2%2Fmedia&parent=31430"}],"wp:term":[{"taxonomy":"category","embeddable":true,"href":"https:\/\/bcdeportes.com\/index.php?rest_route=%2Fwp%2Fv2%2Fcategories&post=31430"},{"taxonomy":"post_tag","embeddable":true,"href":"https:\/\/bcdeportes.com\/index.php?rest_route=%2Fwp%2Fv2%2Ftags&post=31430"}],"curies":[{"name":"wp","href":"https:\/\/api.w.org\/{rel}","templated":true}]}}