{"id":31231,"date":"2023-06-29T22:52:33","date_gmt":"2023-06-29T22:52:33","guid":{"rendered":"http:\/\/bcdeportes.com\/?p=31231"},"modified":"2023-06-29T22:53:37","modified_gmt":"2023-06-29T22:53:37","slug":"invitan-inmudere-a-corre-camina-o-trota-2k","status":"publish","type":"post","link":"https:\/\/bcdeportes.com\/?p=31231","title":{"rendered":"Invitan Inmudere a Corre, Camina o Trota 2K"},"content":{"rendered":"\n<p>Invitan\nInmudere a Corre, Camina o Trota 2K<\/p>\n\n\n\n<p>ENSENADA.-\nPara alentar a la comunidad a hacer deporte, el Gobierno de Ensenada, a trav\u00e9s\ndel Inmudere, informa que se han abierto las inscripciones para la Carrera\nAtl\u00e9tica \u201cCorre, camina o trota\u201d de 2 kil\u00f3metros, la cual se realizar\u00e1 en el\nmarco del Medio Marat\u00f3n Internacional \u201cPowerade\u201d.<\/p>\n\n\n\n<p>El\ntitular de esa paramunicipal, V\u00edctor Gonz\u00e1lez Vel\u00e1zquez, inform\u00f3 que esta\ncarrera alterna iniciar\u00e1 su recorrido en punto de las 7:15 de la ma\u00f1ana del 20\nde agosto, en el punto de salida que estar\u00e1 instalado en Playa Hermosa.<\/p>\n\n\n\n<p>Mencion\u00f3\nque este a\u00f1o se espera rebasar la meta de participantes de la pasada carrera,\nadem\u00e1s que entregar\u00e1n camisetas alusivas a los primeros 800 en hacer el recorrido,\nes decir la cantidad inscrita en el 2022.<\/p>\n\n\n\n<p>Otra\nde las amenidades del \u201cCorre, camina o trota\u201d es que las personas podr\u00e1n llevar\na sus mascotas, las cuales deber\u00e1n traer portando collar con correa o pechera\ncon correa, as\u00ed como bolsas para recoger las heces en caso necesario.<\/p>\n\n\n\n<p>El\ndirector del Instituto Municipal del Deporte y Recreaci\u00f3n de Ensenada a\u00f1adi\u00f3\nque aunque es una actividad sin costo, es necesario que las y los participantes\nse registren y obtengan sus n\u00fameros en las unidades deportivas Ra\u00fal Ram\u00edrez\nLozano (Valle Dorado), Juan A. Rodr\u00edguez Sullivan (zona centro) y el Gimnasio\nde Acondicionamiento F\u00edsico (dentro del Sullivan); informes al 646 177 0744 y\n646 176 4445.<\/p>\n","protected":false},"excerpt":{"rendered":"<div class=\"mh-excerpt\"><p>Invitan Inmudere a Corre, Camina o Trota 2K ENSENADA.- Para alentar a la comunidad a hacer deporte, el Gobierno de Ensenada, a trav\u00e9s del Inmudere, <a class=\"mh-excerpt-more\" href=\"https:\/\/bcdeportes.com\/?p=31231\" title=\"Invitan Inmudere a Corre, Camina o Trota 2K\">[&#8230;]<\/a><\/p>\n<\/div>","protected":false},"author":2,"featured_media":31235,"comment_status":"closed","ping_status":"closed","sticky":false,"template":"","format":"standard","meta":{"footnotes":""},"categories":[9],"tags":[],"class_list":["post-31231","post","type-post","status-publish","format-standard","has-post-thumbnail","hentry","category-inmudere"],"_links":{"self":[{"href":"https:\/\/bcdeportes.com\/index.php?rest_route=\/wp\/v2\/posts\/31231","targetHints":{"allow":["GET"]}}],"collection":[{"href":"https:\/\/bcdeportes.com\/index.php?rest_route=\/wp\/v2\/posts"}],"about":[{"href":"https:\/\/bcdeportes.com\/index.php?rest_route=\/wp\/v2\/types\/post"}],"author":[{"embeddable":true,"href":"https:\/\/bcdeportes.com\/index.php?rest_route=\/wp\/v2\/users\/2"}],"replies":[{"embeddable":true,"href":"https:\/\/bcdeportes.com\/index.php?rest_route=%2Fwp%2Fv2%2Fcomments&post=31231"}],"version-history":[{"count":1,"href":"https:\/\/bcdeportes.com\/index.php?rest_route=\/wp\/v2\/posts\/31231\/revisions"}],"predecessor-version":[{"id":31233,"href":"https:\/\/bcdeportes.com\/index.php?rest_route=\/wp\/v2\/posts\/31231\/revisions\/31233"}],"wp:featuredmedia":[{"embeddable":true,"href":"https:\/\/bcdeportes.com\/index.php?rest_route=\/wp\/v2\/media\/31235"}],"wp:attachment":[{"href":"https:\/\/bcdeportes.com\/index.php?rest_route=%2Fwp%2Fv2%2Fmedia&parent=31231"}],"wp:term":[{"taxonomy":"category","embeddable":true,"href":"https:\/\/bcdeportes.com\/index.php?rest_route=%2Fwp%2Fv2%2Fcategories&post=31231"},{"taxonomy":"post_tag","embeddable":true,"href":"https:\/\/bcdeportes.com\/index.php?rest_route=%2Fwp%2Fv2%2Ftags&post=31231"}],"curies":[{"name":"wp","href":"https:\/\/api.w.org\/{rel}","templated":true}]}}