{"id":31213,"date":"2023-06-28T22:28:39","date_gmt":"2023-06-28T22:28:39","guid":{"rendered":"http:\/\/bcdeportes.com\/?p=31213"},"modified":"2023-06-28T22:28:39","modified_gmt":"2023-06-28T22:28:39","slug":"medalla-de-plata-en-centroamericanos-para-el-bajacaliforniano-alexis-lopez","status":"publish","type":"post","link":"https:\/\/bcdeportes.com\/?p=31213","title":{"rendered":"MEDALLA DE PLATA EN CENTROAMERICANOS PARA EL BAJACALIFORNIANO ALEXIS L\u00d3PEZ"},"content":{"rendered":"\n<p> MEDALLA DE PLATA EN CENTROAMERICANOS PARA EL BAJACALIFORNIANO ALEXIS L\u00d3PEZ*<br><br>SAN SALVADOR. \u2013 Este mi\u00e9rcoles, el deportista bajacaliforniano, Alexis Bladimir L\u00f3pez Garc\u00eda, logr\u00f3 su segunda presea en los XXIV Juegos Deportivos Centroamericanos y del Caribe San Salvador 2023 que se desarrollan en el lago Ilopango del Salvador.En esta ocasi\u00f3n, el de San Felipe, se colg\u00f3 la medalla de plata junto al equipo mexicano en la prueba de Scull Cu\u00e1druple varonil de la disciplina de Remo de la magna justa deportiva caribe\u00f1a. El equipo subcampe\u00f3n fue integrado por los atletas Ricardo De La Rosa, Miguel Carballo, Juan Flores y Alexis L\u00f3pez.La medalla de plata se consigui\u00f3 con un tiempo de 5:47. 95 tras finalizar la competencia detr\u00e1s del campe\u00f3n Cuba que con 5:45.47 gan\u00f3 el oro, dejando al pa\u00eds de Venezuela en el tercer lugar despu\u00e9s de realizar un tiempo de 6:14.47.Mas tarde, la mexicana Maite Arilliga sigui\u00f3 con su incre\u00edble participaci\u00f3n en el evento, tras coronarse como campeona del Scull Individual Femenil, este resultado sumado a los oros de Melissa M\u00e1rquez y Daniela Altamirano en el Scull Doble Ligero Femenil y de Lilian Armenta, Hugo Reyes, Jordy Gutierrez y Mildred Mercado en el Cuatro Mixto, terminaron por concretar una jornada dorada para la delegaci\u00f3n mexicana que convierte a nuestro pa\u00eds en el campe\u00f3n indiscutible del Remo en los Juegos Centroamericanos y del Caribe San Salvador 2023. <\/p>\n","protected":false},"excerpt":{"rendered":"<div class=\"mh-excerpt\"><p>MEDALLA DE PLATA EN CENTROAMERICANOS PARA EL BAJACALIFORNIANO ALEXIS L\u00d3PEZ* SAN SALVADOR. \u2013 Este mi\u00e9rcoles, el deportista bajacaliforniano, Alexis Bladimir L\u00f3pez Garc\u00eda, logr\u00f3 su segunda <a class=\"mh-excerpt-more\" href=\"https:\/\/bcdeportes.com\/?p=31213\" title=\"MEDALLA DE PLATA EN CENTROAMERICANOS PARA EL BAJACALIFORNIANO ALEXIS L\u00d3PEZ\">[&#8230;]<\/a><\/p>\n<\/div>","protected":false},"author":2,"featured_media":31214,"comment_status":"closed","ping_status":"closed","sticky":false,"template":"","format":"standard","meta":{"footnotes":""},"categories":[8],"tags":[],"class_list":["post-31213","post","type-post","status-publish","format-standard","has-post-thumbnail","hentry","category-inde"],"_links":{"self":[{"href":"https:\/\/bcdeportes.com\/index.php?rest_route=\/wp\/v2\/posts\/31213","targetHints":{"allow":["GET"]}}],"collection":[{"href":"https:\/\/bcdeportes.com\/index.php?rest_route=\/wp\/v2\/posts"}],"about":[{"href":"https:\/\/bcdeportes.com\/index.php?rest_route=\/wp\/v2\/types\/post"}],"author":[{"embeddable":true,"href":"https:\/\/bcdeportes.com\/index.php?rest_route=\/wp\/v2\/users\/2"}],"replies":[{"embeddable":true,"href":"https:\/\/bcdeportes.com\/index.php?rest_route=%2Fwp%2Fv2%2Fcomments&post=31213"}],"version-history":[{"count":1,"href":"https:\/\/bcdeportes.com\/index.php?rest_route=\/wp\/v2\/posts\/31213\/revisions"}],"predecessor-version":[{"id":31215,"href":"https:\/\/bcdeportes.com\/index.php?rest_route=\/wp\/v2\/posts\/31213\/revisions\/31215"}],"wp:featuredmedia":[{"embeddable":true,"href":"https:\/\/bcdeportes.com\/index.php?rest_route=\/wp\/v2\/media\/31214"}],"wp:attachment":[{"href":"https:\/\/bcdeportes.com\/index.php?rest_route=%2Fwp%2Fv2%2Fmedia&parent=31213"}],"wp:term":[{"taxonomy":"category","embeddable":true,"href":"https:\/\/bcdeportes.com\/index.php?rest_route=%2Fwp%2Fv2%2Fcategories&post=31213"},{"taxonomy":"post_tag","embeddable":true,"href":"https:\/\/bcdeportes.com\/index.php?rest_route=%2Fwp%2Fv2%2Ftags&post=31213"}],"curies":[{"name":"wp","href":"https:\/\/api.w.org\/{rel}","templated":true}]}}