{"id":31183,"date":"2023-06-26T02:58:13","date_gmt":"2023-06-26T02:58:13","guid":{"rendered":"http:\/\/bcdeportes.com\/?p=31183"},"modified":"2023-06-26T02:58:14","modified_gmt":"2023-06-26T02:58:14","slug":"festejan-dia-internacional-del-yoga-en-playa-pacifica","status":"publish","type":"post","link":"https:\/\/bcdeportes.com\/?p=31183","title":{"rendered":"Festejan D\u00eda Internacional del Yoga en Playa Pac\u00edfica"},"content":{"rendered":"\n<p>Festejan D\u00eda Internacional\ndel Yoga en Playa Pac\u00edfica <\/p>\n\n\n\n<p>ENSENADA.-\nContando con la participaci\u00f3n de aproximadamente 80 participantes que acudieron\na la playa Pacifica para participar en la pr\u00e1ctica de Yoga organizada por el\nXXIV Ayuntamiento de Ensenada a trav\u00e9s del Instituto Municipal y Recreaci\u00f3n de\nEnsenada, y a la Gran Fraternidad Universal.<\/p>\n\n\n\n<p>Fue Ad\u00e1n Hirata\npromotor deportivo del Inmudere quien a nombre del director, V\u00edctor Octavio\nGonz\u00e1lez Vel\u00e1zquez dio la bienvenida a este evento de Yoga que se desarroll\u00f3\ndentro del programa \u201cPor Mi Salud Yo Me Activo\u201d, promoviendo los beneficios de\nla disciplina y compartir con las personas que ya lo practican festejando el\nD\u00eda Internacional del Yoga<\/p>\n\n\n\n<p>Fue el maestro\nFernando Vega de la Gran Fraternidad Universal el encargado dar la pr\u00e1ctica de\nYoga, no sin antes darles una charla de introducci\u00f3n a los asistentes de lo que\nes la Yoga y sus beneficios destacando que es un conjunto de t\u00e9cnicas de\nconcentraci\u00f3n derivadas de esta doctrina filos\u00f3fica que se practican para\nconseguir un mayor control f\u00edsico y mental.<\/p>\n","protected":false},"excerpt":{"rendered":"<div class=\"mh-excerpt\"><p>Festejan D\u00eda Internacional del Yoga en Playa Pac\u00edfica ENSENADA.- Contando con la participaci\u00f3n de aproximadamente 80 participantes que acudieron a la playa Pacifica para participar <a class=\"mh-excerpt-more\" href=\"https:\/\/bcdeportes.com\/?p=31183\" title=\"Festejan D\u00eda Internacional del Yoga en Playa Pac\u00edfica\">[&#8230;]<\/a><\/p>\n<\/div>","protected":false},"author":2,"featured_media":31184,"comment_status":"closed","ping_status":"closed","sticky":false,"template":"","format":"standard","meta":{"footnotes":""},"categories":[9,1],"tags":[],"class_list":["post-31183","post","type-post","status-publish","format-standard","has-post-thumbnail","hentry","category-inmudere","category-uncategorized"],"_links":{"self":[{"href":"https:\/\/bcdeportes.com\/index.php?rest_route=\/wp\/v2\/posts\/31183","targetHints":{"allow":["GET"]}}],"collection":[{"href":"https:\/\/bcdeportes.com\/index.php?rest_route=\/wp\/v2\/posts"}],"about":[{"href":"https:\/\/bcdeportes.com\/index.php?rest_route=\/wp\/v2\/types\/post"}],"author":[{"embeddable":true,"href":"https:\/\/bcdeportes.com\/index.php?rest_route=\/wp\/v2\/users\/2"}],"replies":[{"embeddable":true,"href":"https:\/\/bcdeportes.com\/index.php?rest_route=%2Fwp%2Fv2%2Fcomments&post=31183"}],"version-history":[{"count":1,"href":"https:\/\/bcdeportes.com\/index.php?rest_route=\/wp\/v2\/posts\/31183\/revisions"}],"predecessor-version":[{"id":31185,"href":"https:\/\/bcdeportes.com\/index.php?rest_route=\/wp\/v2\/posts\/31183\/revisions\/31185"}],"wp:featuredmedia":[{"embeddable":true,"href":"https:\/\/bcdeportes.com\/index.php?rest_route=\/wp\/v2\/media\/31184"}],"wp:attachment":[{"href":"https:\/\/bcdeportes.com\/index.php?rest_route=%2Fwp%2Fv2%2Fmedia&parent=31183"}],"wp:term":[{"taxonomy":"category","embeddable":true,"href":"https:\/\/bcdeportes.com\/index.php?rest_route=%2Fwp%2Fv2%2Fcategories&post=31183"},{"taxonomy":"post_tag","embeddable":true,"href":"https:\/\/bcdeportes.com\/index.php?rest_route=%2Fwp%2Fv2%2Ftags&post=31183"}],"curies":[{"name":"wp","href":"https:\/\/api.w.org\/{rel}","templated":true}]}}