{"id":31156,"date":"2023-06-24T19:38:33","date_gmt":"2023-06-24T19:38:33","guid":{"rendered":"http:\/\/bcdeportes.com\/?p=31156"},"modified":"2023-06-24T19:38:33","modified_gmt":"2023-06-24T19:38:33","slug":"van-mas-de-400-inscritos-al-medio-maraton-internacional-ensenada-2023","status":"publish","type":"post","link":"https:\/\/bcdeportes.com\/?p=31156","title":{"rendered":"Van M\u00e1s de 400 Inscritos al Medio Marat\u00f3n Internacional Ensenada 2023"},"content":{"rendered":"\n<p>Van\nM\u00e1s de 400 inscritos al Medio Marat\u00f3n Internacional Ensenada 2023<\/p>\n\n\n\n<p>ENSENADA.-\nVan m\u00e1s de 400 corredores inscritos, aumento en la bolsa de premiaci\u00f3n y rifa\nde tres motocicletas son algunos de los anuncios dados en la segunda\nconferencia de prensa del Medio Marat\u00f3n Internacional Ensenada 2023 a correrse\nel 20 de agosto en el puerto de Ensenada.<\/p>\n\n\n\n<p>V\u00edctor\nOctavio Gonz\u00e1lez Vel\u00e1zquez director del Instituto Municipal del Deporte y\nRecreaci\u00f3n de Ensenada encabezo la rueda de prensa, dando a conocer que al\nmomento se encuentran debidamente registrados 425 competidores y hay 393 en pre\nregistros, estos ya subieron todos sus datos en l\u00ednea y solo les falta reflejar\nel pago, cifra que para el comit\u00e9 organizador es muy buena, cuando falta un mes\ny medio para la celebraci\u00f3n del evento que se vivir\u00e1 con dos d\u00edas de fiesta\ndeportiva, ya que el s\u00e1bado 19 habr\u00e1 una verbena popular contando con la\nexposici\u00f3n de 25 empresas que estar\u00e1n participando dentro del Medio Marat\u00f3n y\nel domingo con el d\u00eda de la carrera y la fiesta de la premiaci\u00f3n y rifas.<\/p>\n\n\n\n<p>Otra\nbuena noticia se\u00f1alo Gonz\u00e1lez es que se ha aumentado la bolsa a 218 mil pesos\nen premios a repartir dentro de las 11 categor\u00edas oficiales de este Medio\nMarat\u00f3n Internacional Ensenada 2023, adem\u00e1s se estar\u00e1n rifando tres\nmotocicletas en lugar de dos, ya que el regidor Sergio Ayala logro gestionar\nuna m\u00e1s para que fueran tres y m\u00e1s de 100 art\u00edculos deportivos, en los que\ntambi\u00e9n entraran los participantes en la carrera recreativa de 2 kil\u00f3metros.<\/p>\n\n\n\n<p>El\ndirector de Inmudere, comento que la ruta de los 21 kil\u00f3metros ya fue\ncertificada y que todo lo recaudado por inscripciones ser\u00e1 destinado a los\nprogramas que tiene implementados el Instituto de \u201cRescatando Mi Cancha y Mas\nDeporte en Mi Colonia\u201d.<\/p>\n\n\n\n<p>Por\nultimo Gonz\u00e1lez Vel\u00e1zquez comento que las inscripciones se llevan a cabo\n\u00fanicamente por internet por la p\u00e1gina <a href=\"http:\/\/www.inmudere.com\">www.inmudere.com<\/a> y al\nregistrarse, el participante debe imprimir el n\u00famero de folio, para la entrega\nde su n\u00famero que ser\u00e1 el d\u00eda s\u00e1bado 19 de agosto del 2023 en las instalaciones\nde hotel San Nicol\u00e1s de 9 de la ma\u00f1ana a 5 de la tarde, mismo lugar donde se\nofrecer\u00e1 la cena de carbohidratos para los corredores for\u00e1neos de 5 a 7 de la\ntarde, en cuanto a las inscripciones para la carrera recreativa de 2 kil\u00f3metros\nestas ya est\u00e1n abiertas y son sin costo alguno.<\/p>\n","protected":false},"excerpt":{"rendered":"<div class=\"mh-excerpt\"><p>Van M\u00e1s de 400 inscritos al Medio Marat\u00f3n Internacional Ensenada 2023 ENSENADA.- Van m\u00e1s de 400 corredores inscritos, aumento en la bolsa de premiaci\u00f3n y <a class=\"mh-excerpt-more\" href=\"https:\/\/bcdeportes.com\/?p=31156\" title=\"Van M\u00e1s de 400 Inscritos al Medio Marat\u00f3n Internacional Ensenada 2023\">[&#8230;]<\/a><\/p>\n<\/div>","protected":false},"author":2,"featured_media":31157,"comment_status":"closed","ping_status":"closed","sticky":false,"template":"","format":"standard","meta":{"footnotes":""},"categories":[9,1],"tags":[],"class_list":["post-31156","post","type-post","status-publish","format-standard","has-post-thumbnail","hentry","category-inmudere","category-uncategorized"],"_links":{"self":[{"href":"https:\/\/bcdeportes.com\/index.php?rest_route=\/wp\/v2\/posts\/31156","targetHints":{"allow":["GET"]}}],"collection":[{"href":"https:\/\/bcdeportes.com\/index.php?rest_route=\/wp\/v2\/posts"}],"about":[{"href":"https:\/\/bcdeportes.com\/index.php?rest_route=\/wp\/v2\/types\/post"}],"author":[{"embeddable":true,"href":"https:\/\/bcdeportes.com\/index.php?rest_route=\/wp\/v2\/users\/2"}],"replies":[{"embeddable":true,"href":"https:\/\/bcdeportes.com\/index.php?rest_route=%2Fwp%2Fv2%2Fcomments&post=31156"}],"version-history":[{"count":1,"href":"https:\/\/bcdeportes.com\/index.php?rest_route=\/wp\/v2\/posts\/31156\/revisions"}],"predecessor-version":[{"id":31158,"href":"https:\/\/bcdeportes.com\/index.php?rest_route=\/wp\/v2\/posts\/31156\/revisions\/31158"}],"wp:featuredmedia":[{"embeddable":true,"href":"https:\/\/bcdeportes.com\/index.php?rest_route=\/wp\/v2\/media\/31157"}],"wp:attachment":[{"href":"https:\/\/bcdeportes.com\/index.php?rest_route=%2Fwp%2Fv2%2Fmedia&parent=31156"}],"wp:term":[{"taxonomy":"category","embeddable":true,"href":"https:\/\/bcdeportes.com\/index.php?rest_route=%2Fwp%2Fv2%2Fcategories&post=31156"},{"taxonomy":"post_tag","embeddable":true,"href":"https:\/\/bcdeportes.com\/index.php?rest_route=%2Fwp%2Fv2%2Ftags&post=31156"}],"curies":[{"name":"wp","href":"https:\/\/api.w.org\/{rel}","templated":true}]}}