{"id":31143,"date":"2023-06-24T04:27:14","date_gmt":"2023-06-24T04:27:14","guid":{"rendered":"http:\/\/bcdeportes.com\/?p=31143"},"modified":"2023-06-24T04:29:12","modified_gmt":"2023-06-24T04:29:12","slug":"victor-parra-y-diego-amano-ganan-oro-en-karate-para-baja-california-en-nacionales-conade-2023","status":"publish","type":"post","link":"https:\/\/bcdeportes.com\/?p=31143","title":{"rendered":"V\u00edctor Parra y Diego Amano Ganan Oro en Karate Para Baja California en Nacionales Conade 2023"},"content":{"rendered":"\n<p>OBTIENE BAJA CALIFORNIA DOS MEDALLAS DE ORO EN EL INICIO DEL KARATE<\/p>\n\n\n\n<p>*Los ensenadenses V\u00edctor Parra y Diego Amano disfrutan de su primera medalla dorada en Nacionales Conade <\/p>\n\n\n\n<p>VILLAHERMOSA , Tabasco.- Los talentos deportivos de Baja California, V\u00edctor Parra en -52 kilogramos y Diego Amano en -62, obtuvieron la medalla de oro en el inicio del karate en los Nacionales Conade 2023, en la categor\u00eda 13-14 a\u00f1os.<\/p>\n\n\n\n<p>La nave 1 del Parque Tabasco esta vez abri\u00f3 sus puertas para recibir a los karatectas, en una jornada en la que Baja California compiti\u00f3 con cinco talentos, entre ellos los ahora campeones nacionales V\u00edctor Parra y Diego Amano.<\/p>\n\n\n\n<p>Bajo el mando de Stephania Garc\u00eda, V\u00edctor Parra derrot\u00f3 4-1 en el combate por el oro al sonorense Emmanuel Viera, sobre quien ten\u00eda un par de triunfos antes de llegar a los Nacionales.<\/p>\n\n\n\n<p>En la final de los -63 kilogramos, Diego Amano y el potosino Andr\u00e9 Rebolledo brindaron una de las finales m\u00e1s vibrantes en la jornada y es que el ensenadense, a dos segundos del final, conect\u00f3 una patada de tres puntos para ganar 7-6.<\/p>\n\n\n\n<p>Diego Amano primero empat\u00f3 el marcador a tres puntos y cuando parec\u00eda que se enfilaba al triunfo por 4-3, Rebolledo consigui\u00f3 tres puntos con efectiva patada de tres unidades cuando agonizaba el duelo final, aunque a\u00fan faltaba lo mejor del bajacaliforniano para ganar el oro.<\/p>\n\n\n\n<p>En el camino a la final, en la divisi\u00f3n de -63 kilogramos, Diego Amano se impuso a Jostin Hern\u00e1ndez, de Jalisco, en cuartos de final y, en las semifinales venci\u00f3 a Carlos Mart\u00ednez, de Baja California Sur.<\/p>\n\n\n\n<p>En la divisi\u00f3n de -52 kilogramos, V\u00edctor Parra abri\u00f3 con una victoria por 4-1 ante \u00c1ngel Ballato, de Guanajuato; y en cuartos de final elimin\u00f3 a Karin Gonz\u00e1lez, de San Luis Potos\u00ed.<\/p>\n\n\n\n<p>V\u00edctor Parra en las semifinales perd\u00eda por 3-0 con Rogelio Pacheco, de Oaxaca, quien fue descalificado y, con ello, el bajacaliforniano avanz\u00f3 a la final en la edici\u00f3n 2023 de los Nacionales Conade.<\/p>\n\n\n\n<p>Y en -70 kilogramos, tambi\u00e9n en varonil, Braulio Salgado se present\u00f3 con un triunfo ante Mario Aguilar, del Estado de M\u00e9xico, y en cuartos de final empat\u00f3 a un punto con Baltazar de la Cruz, de Tabasco, quien finalmente se llev\u00f3 el triunfo.<\/p>\n\n\n\n<p>En la rama femenil, divisi\u00f3n de -47 kilogramos, Amalia Torres derrot\u00f3 3-0 a Ximena Garc\u00eda, de Campeche, pero luego cay\u00f3 4-2 con Fernanda Mendoza, de Morelos y 2-1 con Renata Osorio, de Oaxaca, qued\u00e1ndose fuera de las medallas.<\/p>\n\n\n\n<p>Ivanna G\u00fcere\u00f1a debut\u00f3 en los nacionales ante Italy Rodr\u00edguez, de Nayarit, imponi\u00e9ndose con el voto de calidad del juez central, tras un empate a uno, y se despidi\u00f3 al caer 5-3 con Andrea Grajales, de Campeche.<\/p>\n","protected":false},"excerpt":{"rendered":"<div class=\"mh-excerpt\"><p>OBTIENE BAJA CALIFORNIA DOS MEDALLAS DE ORO EN EL INICIO DEL KARATE *Los ensenadenses V\u00edctor Parra y Diego Amano disfrutan de su primera medalla dorada <a class=\"mh-excerpt-more\" href=\"https:\/\/bcdeportes.com\/?p=31143\" title=\"V\u00edctor Parra y Diego Amano Ganan Oro en Karate Para Baja California en Nacionales Conade 2023\">[&#8230;]<\/a><\/p>\n<\/div>","protected":false},"author":2,"featured_media":31146,"comment_status":"closed","ping_status":"closed","sticky":false,"template":"","format":"standard","meta":{"footnotes":""},"categories":[8],"tags":[],"class_list":["post-31143","post","type-post","status-publish","format-standard","has-post-thumbnail","hentry","category-inde"],"_links":{"self":[{"href":"https:\/\/bcdeportes.com\/index.php?rest_route=\/wp\/v2\/posts\/31143","targetHints":{"allow":["GET"]}}],"collection":[{"href":"https:\/\/bcdeportes.com\/index.php?rest_route=\/wp\/v2\/posts"}],"about":[{"href":"https:\/\/bcdeportes.com\/index.php?rest_route=\/wp\/v2\/types\/post"}],"author":[{"embeddable":true,"href":"https:\/\/bcdeportes.com\/index.php?rest_route=\/wp\/v2\/users\/2"}],"replies":[{"embeddable":true,"href":"https:\/\/bcdeportes.com\/index.php?rest_route=%2Fwp%2Fv2%2Fcomments&post=31143"}],"version-history":[{"count":1,"href":"https:\/\/bcdeportes.com\/index.php?rest_route=\/wp\/v2\/posts\/31143\/revisions"}],"predecessor-version":[{"id":31145,"href":"https:\/\/bcdeportes.com\/index.php?rest_route=\/wp\/v2\/posts\/31143\/revisions\/31145"}],"wp:featuredmedia":[{"embeddable":true,"href":"https:\/\/bcdeportes.com\/index.php?rest_route=\/wp\/v2\/media\/31146"}],"wp:attachment":[{"href":"https:\/\/bcdeportes.com\/index.php?rest_route=%2Fwp%2Fv2%2Fmedia&parent=31143"}],"wp:term":[{"taxonomy":"category","embeddable":true,"href":"https:\/\/bcdeportes.com\/index.php?rest_route=%2Fwp%2Fv2%2Fcategories&post=31143"},{"taxonomy":"post_tag","embeddable":true,"href":"https:\/\/bcdeportes.com\/index.php?rest_route=%2Fwp%2Fv2%2Ftags&post=31143"}],"curies":[{"name":"wp","href":"https:\/\/api.w.org\/{rel}","templated":true}]}}