{"id":31112,"date":"2023-06-22T02:48:33","date_gmt":"2023-06-22T02:48:33","guid":{"rendered":"http:\/\/bcdeportes.com\/?p=31112"},"modified":"2023-06-22T02:48:34","modified_gmt":"2023-06-22T02:48:34","slug":"invitan-a-la-primer-carrera-mam-de-la-frontera-5k-para-el-21-de-julio","status":"publish","type":"post","link":"https:\/\/bcdeportes.com\/?p=31112","title":{"rendered":"Invitan a la Primer Carrera MAM de la Frontera 5K Para el 21 de Julio"},"content":{"rendered":"\n<p>Invitan a la Primer\nCarrera MAM de la Frontera 5K Para el 21 de Julio<\/p>\n\n\n\n<p>ENSENADA.- El\ncorporativo MAM de la Frontera ofreci\u00f3 una rueda de prensa para dar a conocer\nlos que ser\u00e1 su primera carrera atl\u00e9tica denominada \u201cMAM de La Frontera 5K\u201d\nprogramada para llevarse a cabo en domingo 16 de julio con salida y meta de la\nempresa Alsico de boulevard Estancia colonia Carlos Pacheco.<\/p>\n\n\n\n<p>Durante la\nconferencia de prensa los organizadores dieron a conocer que la justa atl\u00e9tica\nde 5 kil\u00f3metros se correr\u00e1 el 16 de julio con salida a las 8 de la ma\u00f1ana con\nsalida y meta de la empresa Alsico.<\/p>\n\n\n\n<p>Las inscripciones\nser\u00e1n totalmente gratuitas y se pueden hacer en todas las sucursales del\ncorporativo y en Nava Sport de calle Espinoza entre tercera y cuarta, as\u00ed como\nel mismo d\u00eda de la carrera.<\/p>\n\n\n\n<p>Las categor\u00edas\nser\u00e1n de 16-21 hasta 60 y M\u00e1s, as\u00ed como personas con discapacidad y\ntrabajadores de MAM de la Frontera y habr\u00e1 300 camisetas alusivas al evento\npara los primeros en cruzar la meta.<\/p>\n\n\n\n<p>La premiaci\u00f3n ser\u00e1\nde medalla para los 3 primeros lugares de cada categor\u00eda y rama, as\u00ed como para\nlos ganadores ambas ramas y trabajadores de MAM un premio de 1500, 1000 y 500\ncanjeables en tienda deportiva.<\/p>\n\n\n\n<p>Para mayores\ninformes los interesados pueden comunicarse al tel\u00e9fono 646 193-97-97.<\/p>\n","protected":false},"excerpt":{"rendered":"<div class=\"mh-excerpt\"><p>Invitan a la Primer Carrera MAM de la Frontera 5K Para el 21 de Julio ENSENADA.- El corporativo MAM de la Frontera ofreci\u00f3 una rueda <a class=\"mh-excerpt-more\" href=\"https:\/\/bcdeportes.com\/?p=31112\" title=\"Invitan a la Primer Carrera MAM de la Frontera 5K Para el 21 de Julio\">[&#8230;]<\/a><\/p>\n<\/div>","protected":false},"author":2,"featured_media":31113,"comment_status":"closed","ping_status":"closed","sticky":false,"template":"","format":"standard","meta":{"footnotes":""},"categories":[1],"tags":[],"class_list":["post-31112","post","type-post","status-publish","format-standard","has-post-thumbnail","hentry","category-uncategorized"],"_links":{"self":[{"href":"https:\/\/bcdeportes.com\/index.php?rest_route=\/wp\/v2\/posts\/31112","targetHints":{"allow":["GET"]}}],"collection":[{"href":"https:\/\/bcdeportes.com\/index.php?rest_route=\/wp\/v2\/posts"}],"about":[{"href":"https:\/\/bcdeportes.com\/index.php?rest_route=\/wp\/v2\/types\/post"}],"author":[{"embeddable":true,"href":"https:\/\/bcdeportes.com\/index.php?rest_route=\/wp\/v2\/users\/2"}],"replies":[{"embeddable":true,"href":"https:\/\/bcdeportes.com\/index.php?rest_route=%2Fwp%2Fv2%2Fcomments&post=31112"}],"version-history":[{"count":1,"href":"https:\/\/bcdeportes.com\/index.php?rest_route=\/wp\/v2\/posts\/31112\/revisions"}],"predecessor-version":[{"id":31114,"href":"https:\/\/bcdeportes.com\/index.php?rest_route=\/wp\/v2\/posts\/31112\/revisions\/31114"}],"wp:featuredmedia":[{"embeddable":true,"href":"https:\/\/bcdeportes.com\/index.php?rest_route=\/wp\/v2\/media\/31113"}],"wp:attachment":[{"href":"https:\/\/bcdeportes.com\/index.php?rest_route=%2Fwp%2Fv2%2Fmedia&parent=31112"}],"wp:term":[{"taxonomy":"category","embeddable":true,"href":"https:\/\/bcdeportes.com\/index.php?rest_route=%2Fwp%2Fv2%2Fcategories&post=31112"},{"taxonomy":"post_tag","embeddable":true,"href":"https:\/\/bcdeportes.com\/index.php?rest_route=%2Fwp%2Fv2%2Ftags&post=31112"}],"curies":[{"name":"wp","href":"https:\/\/api.w.org\/{rel}","templated":true}]}}