{"id":3109,"date":"2015-12-30T23:40:27","date_gmt":"2015-12-30T23:40:27","guid":{"rendered":"http:\/\/bcdeportes.com\/?p=3109"},"modified":"2015-12-30T23:40:27","modified_gmt":"2015-12-30T23:40:27","slug":"entrego-reconocimientos-la-comision-de-box-y-lucha","status":"publish","type":"post","link":"https:\/\/bcdeportes.com\/?p=3109","title":{"rendered":"Entreg\u00f3 Reconocimientos la Comisi\u00f3n de Box y Lucha"},"content":{"rendered":"<p>Rafael Guzm\u00e1n Entrenador del A\u00f1o<\/p>\n<p>Entreg\u00f3 Reconocimientos la Comisi\u00f3n de Box y Lucha<\/p>\n<p>Sheke Avil\u00e9s Peleador del A\u00f1o<\/p>\n<p>ENSENADA.- Rafael Guzm\u00e1n y Ram\u00f3n Marchena fueron reconocidos como los mejores entrenadores de boxeo del 2015 y Ezequiel Avil\u00e9s fue distinguido como el mejor peleador, esto al celebrarse la entrega de reconocimientos de la H. Comisi\u00f3n de Box, Lucha Libre y Artes Marciales Mixtas de Ensenada.<br \/>\nEl sal\u00f3n de convenciones del Hotel Para\u00edso Las Palmas fue el escenario de la ceremonia de entrega que fue abierta por V\u00edctor Vea Pe\u00f1a en representaci\u00f3n del alcalde Gilberto Hirata Chico, quien a nombre del edil porte\u00f1o, felicito a la H. Comisi\u00f3n de Box y as\u00ed como a los atletas, entrenadores y promotores presentes, dese\u00e1ndoles que este pr\u00f3ximo a\u00f1o que se acerca se vean reflejados mas triunfos.<br \/>\nPor su parte Raymundo L\u00f3pez, presidente de la H. Comisi\u00f3n de Box, Lucha Libre y Artes Marciales del puerto, dijo que los galardonados de la noche fueron escogidos por la Comisi\u00f3n y sus oficiales por sus logros del mes de junio a la fecha, que fue cuando iniciaron sus gestiones al frente de la H. Comisi\u00f3n de Box, Lucha y Artes Marciales.<br \/>\nLos premios para el Entrenador del A\u00f1o en boxeo lo compartieron Rafael Guzm\u00e1n y Ram\u00f3n Marchena, en tanto que la distinci\u00f3n para el mejor p\u00fagil del 2015 fue para Ezequiel Avil\u00e9s.<br \/>\nEn el rubro de los promotores fueron galardonados: Sergio Ayala, Ram\u00f3n Marchena y Arafat Torres, Kick Boxing, Boxeo y Artes Marciales, respectivamente.<br \/>\nDurante la entrega de reconocimientos estuvieron en la mesa de honor: V\u00edctor Vea Pe\u00f1a, en representaci\u00f3n del Inmudere, Raymundo L\u00f3pez Qui\u00f1ones, Manuel Cota, Israel L\u00f3pez, Aar\u00f3n Cota, Manuel Cota, de la H. Comisi\u00f3n de Ensenada y  Miguel Rivas Gonz\u00e1lez, presidente de la H Comisi\u00f3n de Rosarito.<br \/>\nRECONOCIMIENTOS ENTREGADOS<br \/>\nBOXEO<br \/>\nEntrenador del A\u00f1o\tRafael Guzm\u00e1n<br \/>\nEntrenador del A\u00f1o\tRam\u00f3n Marchena<br \/>\nPeleador del A\u00f1o\tEzequiel \u201cSheke\u201d Avil\u00e9s<br \/>\nProspecto del A\u00f1o\tCarlos \u201cChema\u201d Ocampo<br \/>\nPelea del A\u00f1o\tEzequiel Avil\u00e9s vs Alexis Canet<br \/>\nDebutante del A\u00f1o\tLuz Mar\u00eda Gonz\u00e1lez<br \/>\nDebutante del A\u00f1o\tGuadalupe Ortega<br \/>\nPromotor del A\u00f1o\tRam\u00f3n Marchena<br \/>\nKICK BOXING<br \/>\nPeleador del A\u00f1o\tV\u00edctor Cobi\u00e1n<br \/>\nPromotor del A\u00f1o\tSergio Ayala Laveaga<br \/>\nLUCHA LIBRE<br \/>\nProspecto del A\u00f1o\tSergio \u201cConfesor\u201d S\u00e1nchez Osuna<br \/>\nEntrenador del A\u00f1o\tEnrique \u201cApolo\u201d Ram\u00edrez<br \/>\nPromotor del A\u00f1o\tJaime Aguirre Trevi\u00f1o<br \/>\nARTES MARCIALES MIXTAS<br \/>\nProspecto del A\u00f1o\tGamaliel Le\u00f3n Espartano<br \/>\nProspecto del A\u00f1o\tAlejandro \u201cBam Bam\u201d Velazco<br \/>\nPeleador del A\u00f1o\tIv\u00e1n \u201cChoko\u201d Castillo<br \/>\nPromotor del A\u00f1o\tArafat Torres Ibarra<br \/>\nPelea del A\u00f1o\tMarcos Beristain vs Ra\u00fal Coronado<\/p>\n","protected":false},"excerpt":{"rendered":"<div class=\"mh-excerpt\"><p>Rafael Guzm\u00e1n Entrenador del A\u00f1o Entreg\u00f3 Reconocimientos la Comisi\u00f3n de Box y Lucha Sheke Avil\u00e9s Peleador del A\u00f1o ENSENADA.- Rafael Guzm\u00e1n y Ram\u00f3n Marchena fueron <a class=\"mh-excerpt-more\" href=\"https:\/\/bcdeportes.com\/?p=3109\" title=\"Entreg\u00f3 Reconocimientos la Comisi\u00f3n de Box y Lucha\">[&#8230;]<\/a><\/p>\n<\/div>","protected":false},"author":2,"featured_media":3110,"comment_status":"closed","ping_status":"closed","sticky":false,"template":"","format":"standard","meta":{"footnotes":""},"categories":[5],"tags":[],"class_list":["post-3109","post","type-post","status-publish","format-standard","has-post-thumbnail","hentry","category-box"],"_links":{"self":[{"href":"https:\/\/bcdeportes.com\/index.php?rest_route=\/wp\/v2\/posts\/3109","targetHints":{"allow":["GET"]}}],"collection":[{"href":"https:\/\/bcdeportes.com\/index.php?rest_route=\/wp\/v2\/posts"}],"about":[{"href":"https:\/\/bcdeportes.com\/index.php?rest_route=\/wp\/v2\/types\/post"}],"author":[{"embeddable":true,"href":"https:\/\/bcdeportes.com\/index.php?rest_route=\/wp\/v2\/users\/2"}],"replies":[{"embeddable":true,"href":"https:\/\/bcdeportes.com\/index.php?rest_route=%2Fwp%2Fv2%2Fcomments&post=3109"}],"version-history":[{"count":1,"href":"https:\/\/bcdeportes.com\/index.php?rest_route=\/wp\/v2\/posts\/3109\/revisions"}],"predecessor-version":[{"id":3111,"href":"https:\/\/bcdeportes.com\/index.php?rest_route=\/wp\/v2\/posts\/3109\/revisions\/3111"}],"wp:featuredmedia":[{"embeddable":true,"href":"https:\/\/bcdeportes.com\/index.php?rest_route=\/wp\/v2\/media\/3110"}],"wp:attachment":[{"href":"https:\/\/bcdeportes.com\/index.php?rest_route=%2Fwp%2Fv2%2Fmedia&parent=3109"}],"wp:term":[{"taxonomy":"category","embeddable":true,"href":"https:\/\/bcdeportes.com\/index.php?rest_route=%2Fwp%2Fv2%2Fcategories&post=3109"},{"taxonomy":"post_tag","embeddable":true,"href":"https:\/\/bcdeportes.com\/index.php?rest_route=%2Fwp%2Fv2%2Ftags&post=3109"}],"curies":[{"name":"wp","href":"https:\/\/api.w.org\/{rel}","templated":true}]}}