{"id":31076,"date":"2023-06-19T02:06:07","date_gmt":"2023-06-19T02:06:07","guid":{"rendered":"http:\/\/bcdeportes.com\/?p=31076"},"modified":"2023-06-19T02:06:08","modified_gmt":"2023-06-19T02:06:08","slug":"reconoce-serial-atletico-la-trayectoria-de-ismael-vargas-diaz","status":"publish","type":"post","link":"https:\/\/bcdeportes.com\/?p=31076","title":{"rendered":"Reconoce Serial Atl\u00e9tico la Trayectoria de Ismael Vargas D\u00edaz"},"content":{"rendered":"\n<p>Reconoce Serial Atl\u00e9tico la Trayectoria de Ismael Vargas D\u00edaz<\/p>\n\n\n\n<p>Reconoce Serial Atl\u00e9tico\nla Trayectoria de Ismael Vargas D\u00edaz<\/p>\n\n\n\n<p>ENSENADA.- El ensenadense\nIsmael Vargas D\u00edaz fue objeto de un merecido reconocimiento a su amplia\ntrayectoria deportiva y profesional por parte del Serial Atl\u00e9tico Ensenada\ndentro del marco de la celebraci\u00f3n de la carrera atl\u00e9tica Los Pollos de la\nCementera que forma parte del Serial 2023.<\/p>\n\n\n\n<p>Ismael Vargas D\u00edaz\ncasado con Silvia Gpe. Jaime Castillo y sus dos hijos Ivonne e<\/p>\n\n\n\n<p>Ismael Vargas Jaime,\ninicia como corredor en 1982, distingui\u00e9ndose como mejor novato ganador de las diferentes\ncarreras recordando, entre ellas la del 18 de marzo y de la amistad, mismo a\u00f1o donde\npor sus logros pasa a ser corredor clasificado en 1983, en ese a\u00f1o por cuestiones\nprofesionales lo asignan a la ciudad de Toluca estado de M\u00e9xico y en 1984 forma\nparte del equipo de atletismo del IMSS de Toluca, participando y representando\nal IMSS en el a\u00f1o de 1984 en el medio marat\u00f3n de la revoluci\u00f3n de la Ciudad de\nM\u00e9xico, en 1985 participa en el evento nacional de clubes de pista y campo en\nla pista del Cedom, en distancia de 5km, quedando en sexto lugar, en 1986 es ganador\nde la carrera de la cruz roja 5km en Cd. Madero, Tamaulipas y en San Luis Potos\u00ed\nes ganador de la carrera 5k del parque de La amistad.<\/p>\n\n\n\n<p>En enero de 1987\nlogra segundo lugar en la marat\u00f3n de la ciudad de Caborca, Sonora y el 6 de\nabril de 1987 ganador de la carrera campo traviesa aniversario de la ciudad de\nCaborca, en 1992 es ganador absoluto del medio marat\u00f3n de La Marina en Ensenada,\nas\u00ed como &nbsp;sube al p\u00f3dium en diferentes\ncarreras, como: Contadores, Pri, Dentistas, etc. entre otras.<\/p>\n\n\n\n<p>Del 2005 al 2010 es\ncampe\u00f3n estatal de los juegos deportivos del ejecutivo, en la distancia de 5 km,\ndel 2005 hasta el a\u00f1o 2021 campe\u00f3n estatal de los 5km en los juegos deportivos\nmagisteriales y su m\u00e1ximo logro fue el cuarto lugar nacional en 5 km, en la Cd.\nde Quer\u00e9taro y la fecha sigue corriendo, ya que es su pasi\u00f3n y a sus 61 a\u00f1os se\nsiente feliz por todos los logros obtenidos en todos esos a\u00f1os de su vida.<\/p>\n\n\n\n<p>Adem\u00e1s Ismael fue\ny ha sido colaborador en la carreras Construrama, Arturo Barrios, Fender, entre\notras.<\/p>\n\n\n\n<p>ENSENADA.- El ensenadense\nIsmael Vargas D\u00edaz fue objeto de un merecido reconocimiento a su amplia\ntrayectoria deportiva y profesional por parte del Serial Atl\u00e9tico Ensenada\ndentro del marco de la celebraci\u00f3n de la carrera atl\u00e9tica Los Pollos de la\nCementera que forma parte del Serial 2023.<\/p>\n\n\n\n<p>Ismael Vargas D\u00edaz\ncasado con Silvia Gpe. Jaime Castillo y sus dos hijos Ivonne e<\/p>\n\n\n\n<p>Ismael Vargas Jaime,\ninicia como corredor en 1982, distingui\u00e9ndose como mejor novato ganador de las diferentes\ncarreras recordando, entre ellas la del 18 de marzo y de la amistad, mismo a\u00f1o donde\npor sus logros pasa a ser corredor clasificado en 1983, en ese a\u00f1o por cuestiones\nprofesionales lo asignan a la ciudad de Toluca estado de M\u00e9xico y en 1984 forma\nparte del equipo de atletismo del IMSS de Toluca, participando y representando\nal IMSS en el a\u00f1o de 1984 en el medio marat\u00f3n de la revoluci\u00f3n de la Ciudad de\nM\u00e9xico, en 1985 participa en el evento nacional de clubes de pista y campo en\nla pista del Cedom, en distancia de 5km, quedando en sexto lugar, en 1986 es ganador\nde la carrera de la cruz roja 5km en Cd. Madero, Tamaulipas y en San Luis Potos\u00ed\nes ganador de la carrera 5k del parque de La amistad.<\/p>\n\n\n\n<p>En enero de 1987\nlogra segundo lugar en la marat\u00f3n de la ciudad de Caborca, Sonora y el 6 de\nabril de 1987 ganador de la carrera campo traviesa aniversario de la ciudad de\nCaborca, en 1992 es ganador absoluto del medio marat\u00f3n de La Marina en Ensenada,\nas\u00ed como &nbsp;sube al p\u00f3dium en diferentes\ncarreras, como: Contadores, Pri, Dentistas, etc. entre otras.<\/p>\n\n\n\n<p>Del 2005 al 2010 es\ncampe\u00f3n estatal de los juegos deportivos del ejecutivo, en la distancia de 5 km,\ndel 2005 hasta el a\u00f1o 2021 campe\u00f3n estatal de los 5km en los juegos deportivos\nmagisteriales y su m\u00e1ximo logro fue el cuarto lugar nacional en 5 km, en la Cd.\nde Quer\u00e9taro y la fecha sigue corriendo, ya que es su pasi\u00f3n y a sus 61 a\u00f1os se\nsiente feliz por todos los logros obtenidos en todos esos a\u00f1os de su vida.<\/p>\n\n\n\n<p>Adem\u00e1s Ismael fue\ny ha sido colaborador en la carreras Construrama, Arturo Barrios, Fender, entre\notras.<\/p>\n","protected":false},"excerpt":{"rendered":"<div class=\"mh-excerpt\"><p>Reconoce Serial Atl\u00e9tico la Trayectoria de Ismael Vargas D\u00edaz Reconoce Serial Atl\u00e9tico la Trayectoria de Ismael Vargas D\u00edaz ENSENADA.- El ensenadense Ismael Vargas D\u00edaz fue <a class=\"mh-excerpt-more\" href=\"https:\/\/bcdeportes.com\/?p=31076\" title=\"Reconoce Serial Atl\u00e9tico la Trayectoria de Ismael Vargas D\u00edaz\">[&#8230;]<\/a><\/p>\n<\/div>","protected":false},"author":2,"featured_media":31077,"comment_status":"closed","ping_status":"closed","sticky":false,"template":"","format":"standard","meta":{"footnotes":""},"categories":[1],"tags":[],"class_list":["post-31076","post","type-post","status-publish","format-standard","has-post-thumbnail","hentry","category-uncategorized"],"_links":{"self":[{"href":"https:\/\/bcdeportes.com\/index.php?rest_route=\/wp\/v2\/posts\/31076","targetHints":{"allow":["GET"]}}],"collection":[{"href":"https:\/\/bcdeportes.com\/index.php?rest_route=\/wp\/v2\/posts"}],"about":[{"href":"https:\/\/bcdeportes.com\/index.php?rest_route=\/wp\/v2\/types\/post"}],"author":[{"embeddable":true,"href":"https:\/\/bcdeportes.com\/index.php?rest_route=\/wp\/v2\/users\/2"}],"replies":[{"embeddable":true,"href":"https:\/\/bcdeportes.com\/index.php?rest_route=%2Fwp%2Fv2%2Fcomments&post=31076"}],"version-history":[{"count":1,"href":"https:\/\/bcdeportes.com\/index.php?rest_route=\/wp\/v2\/posts\/31076\/revisions"}],"predecessor-version":[{"id":31078,"href":"https:\/\/bcdeportes.com\/index.php?rest_route=\/wp\/v2\/posts\/31076\/revisions\/31078"}],"wp:featuredmedia":[{"embeddable":true,"href":"https:\/\/bcdeportes.com\/index.php?rest_route=\/wp\/v2\/media\/31077"}],"wp:attachment":[{"href":"https:\/\/bcdeportes.com\/index.php?rest_route=%2Fwp%2Fv2%2Fmedia&parent=31076"}],"wp:term":[{"taxonomy":"category","embeddable":true,"href":"https:\/\/bcdeportes.com\/index.php?rest_route=%2Fwp%2Fv2%2Fcategories&post=31076"},{"taxonomy":"post_tag","embeddable":true,"href":"https:\/\/bcdeportes.com\/index.php?rest_route=%2Fwp%2Fv2%2Ftags&post=31076"}],"curies":[{"name":"wp","href":"https:\/\/api.w.org\/{rel}","templated":true}]}}