{"id":31057,"date":"2023-06-16T01:34:14","date_gmt":"2023-06-16T01:34:14","guid":{"rendered":"http:\/\/bcdeportes.com\/?p=31057"},"modified":"2023-06-16T01:36:28","modified_gmt":"2023-06-16T01:36:28","slug":"%ef%bb%bfporta-la-bandera-nacional-alexa-moreno-durante-el-abanderamiento-de-la-seleccion-mexicana-rumbo-a-centroamericanos","status":"publish","type":"post","link":"https:\/\/bcdeportes.com\/?p=31057","title":{"rendered":"\ufeffAlexa Moreno Abanderada de la Selecci\u00f3n Mexicana"},"content":{"rendered":"\n<p><em>PORTA LA BANDERA NACIONAL ALEXA MORENO DURANTE EL ABANDERAMIENTO DE LA SELECCI\u00d3N MEXICANA RUMBO A CENTROAMERICANOS<\/em> <\/p>\n\n\n\n<p>*Con orgullo y representando el deporte mexicano la atleta bajacaliforniana se hizo presente en el importante evento <\/p>\n\n\n\n<p>CIUDAD DE M\u00c9XICO.- En Palacio Nacional y con m\u00e1s de 250 atletas como testigos, la estrella del deporte bajacaliforniano, Alexa Moreno, fue la encargada de portar el l\u00e1baro patrio durante el Abanderamiento de la Delegaci\u00f3n Mexicana rumbo a los Juegos Centroamericanos y del Caribe San Salvador 2023.<br>\nEl representativo fue abanderado este jueves por el presidente de M\u00e9xico, Andr\u00e9s Manuel L\u00f3pez Obrador, en una ceremonia celebrada en el patio central del Palacio Nacional. <br>\nEl mandatario hizo un llamado a los deportistas a seguir con un buen desempe\u00f1o competitivo y adelant\u00f3 que otorgar\u00e1 un apoyo a su regreso de la justa centrocaribe\u00f1a. <br>\nPor su parte, la cachanilla fue abanderada de la escolta integrada por Edson Ismael Ram\u00edrez Ramos, Emmanuel Alexis Ben\u00edtez Castro, Prisca Awiti Alcaraz, Pedro Abraham Rangel Hern\u00e1ndez y Brenda Gabriela Ram\u00edrez Ch\u00e1vez.<\/p>\n","protected":false},"excerpt":{"rendered":"<div class=\"mh-excerpt\"><p>PORTA LA BANDERA NACIONAL ALEXA MORENO DURANTE EL ABANDERAMIENTO DE LA SELECCI\u00d3N MEXICANA RUMBO A CENTROAMERICANOS *Con orgullo y representando el deporte mexicano la atleta <a class=\"mh-excerpt-more\" href=\"https:\/\/bcdeportes.com\/?p=31057\" title=\"\ufeffAlexa Moreno Abanderada de la Selecci\u00f3n Mexicana\">[&#8230;]<\/a><\/p>\n<\/div>","protected":false},"author":2,"featured_media":31059,"comment_status":"closed","ping_status":"closed","sticky":false,"template":"","format":"standard","meta":{"footnotes":""},"categories":[8],"tags":[],"class_list":["post-31057","post","type-post","status-publish","format-standard","has-post-thumbnail","hentry","category-inde"],"_links":{"self":[{"href":"https:\/\/bcdeportes.com\/index.php?rest_route=\/wp\/v2\/posts\/31057","targetHints":{"allow":["GET"]}}],"collection":[{"href":"https:\/\/bcdeportes.com\/index.php?rest_route=\/wp\/v2\/posts"}],"about":[{"href":"https:\/\/bcdeportes.com\/index.php?rest_route=\/wp\/v2\/types\/post"}],"author":[{"embeddable":true,"href":"https:\/\/bcdeportes.com\/index.php?rest_route=\/wp\/v2\/users\/2"}],"replies":[{"embeddable":true,"href":"https:\/\/bcdeportes.com\/index.php?rest_route=%2Fwp%2Fv2%2Fcomments&post=31057"}],"version-history":[{"count":2,"href":"https:\/\/bcdeportes.com\/index.php?rest_route=\/wp\/v2\/posts\/31057\/revisions"}],"predecessor-version":[{"id":31062,"href":"https:\/\/bcdeportes.com\/index.php?rest_route=\/wp\/v2\/posts\/31057\/revisions\/31062"}],"wp:featuredmedia":[{"embeddable":true,"href":"https:\/\/bcdeportes.com\/index.php?rest_route=\/wp\/v2\/media\/31059"}],"wp:attachment":[{"href":"https:\/\/bcdeportes.com\/index.php?rest_route=%2Fwp%2Fv2%2Fmedia&parent=31057"}],"wp:term":[{"taxonomy":"category","embeddable":true,"href":"https:\/\/bcdeportes.com\/index.php?rest_route=%2Fwp%2Fv2%2Fcategories&post=31057"},{"taxonomy":"post_tag","embeddable":true,"href":"https:\/\/bcdeportes.com\/index.php?rest_route=%2Fwp%2Fv2%2Ftags&post=31057"}],"curies":[{"name":"wp","href":"https:\/\/api.w.org\/{rel}","templated":true}]}}