{"id":3101,"date":"2015-12-30T19:28:34","date_gmt":"2015-12-30T19:28:34","guid":{"rendered":"http:\/\/bcdeportes.com\/?p=3101"},"modified":"2015-12-30T19:28:34","modified_gmt":"2015-12-30T19:28:34","slug":"atletas-de-bc-en-la-vispera-de-un-ano-especial","status":"publish","type":"post","link":"https:\/\/bcdeportes.com\/?p=3101","title":{"rendered":"ATLETAS DE BC EN LA V\u00cdSPERA DE UN A\u00d1O ESPECIAL"},"content":{"rendered":"<p>EN LA V\u00cdSPERA DE UN A\u00d1O ESPECIAL<\/p>\n<p>TIJUANA, Baja California &#8211; El a\u00f1o 2016 ser\u00e1 sin lugar a dudas de grandes expectativas para el deporte bajacaliforniano en muchos aspectos.<\/p>\n<p>Varios de los integrantes del programa de talentos deportivos, han trabajado fuerte de cara a sus procesos.<\/p>\n<p>Pero tambi\u00e9n, lo hacen las nuevas generaciones con el ah\u00ednco de seguir de cerca a los m\u00e1s experimentados que han sembrado una importante semilla.<\/p>\n<p>Baja California participar\u00e1 como es costumbre, en la Olimpiada Nacional 2016, al igual que en el Campeonato Nacional Juvenil en su primera edici\u00f3n, de la cual el Estado 29 ser\u00e1 anfitri\u00f3n en el mes de mayo.<\/p>\n<p>Infraestructura se abre nuevo camino<\/p>\n<p>El rubro de la infraestructura es fundamental para el desarrollo de proyectos y el apoyo al desarrollo de diferentes disciplinas.<\/p>\n<p>Es por eso, que luego de la \u00faltima reuni\u00f3n del Subcomit\u00e9  Especial del Deporte, llevada a cabo en Tijuana, se dieron a conocer los nuevos proyectos que persigue el Instituto del Deporte y la Cultura F\u00edsica de Baja California.<\/p>\n<p>Entre ellos destaca la inversi\u00f3n, de alrededor de 2 millones de pesos que se destinar\u00e1 en San Quint\u00edn.<\/p>\n<p>\u201cCreemos que esa comunidad iniciar\u00e1 un programa que podr\u00e1 ser igual de exitoso como la esgrima o el remo en San Felipe\u201d, mencion\u00f3 el Director General del INDE, Sa\u00fal Castro Verdugo.<\/p>\n<p>Junto con estos nuevos proyectos, tambi\u00e9n se han construido espacios activos, los cuales cuentan con equipamiento urbano para la pr\u00e1ctica de actividades f\u00edsicas abiertas a la poblaci\u00f3n en general.<\/p>\n<p>Brindando servicios de calidad<\/p>\n<p>El INDE ha brindado tambi\u00e9n servicios a lo largo del a\u00f1o a atletas en diferentes fases y actividades que se han registrado en sus instalaciones. \u201cHa habido muchos selectivos y convocatorias, este ha sido el a\u00f1o previo al ciclo ol\u00edmpico y hemos tenido una gran participaci\u00f3n\u201d, agreg\u00f3 el titular del instituto.<\/p>\n<p>En un per\u00edodo de menos de 10 meses de distancia se tuvieron dos competencias del ciclo ol\u00edmpico, iniciando con una regional como los Juegos Centroamericanos y del Caribe en Veracruz a finales de 2014, y los Panamericanos de Toronto 2015, en Canad\u00e1.<\/p>\n","protected":false},"excerpt":{"rendered":"<div class=\"mh-excerpt\"><p>EN LA V\u00cdSPERA DE UN A\u00d1O ESPECIAL TIJUANA, Baja California &#8211; El a\u00f1o 2016 ser\u00e1 sin lugar a dudas de grandes expectativas para el deporte <a class=\"mh-excerpt-more\" href=\"https:\/\/bcdeportes.com\/?p=3101\" title=\"ATLETAS DE BC EN LA V\u00cdSPERA DE UN A\u00d1O ESPECIAL\">[&#8230;]<\/a><\/p>\n<\/div>","protected":false},"author":2,"featured_media":1815,"comment_status":"closed","ping_status":"closed","sticky":false,"template":"","format":"standard","meta":{"footnotes":""},"categories":[8],"tags":[],"class_list":["post-3101","post","type-post","status-publish","format-standard","has-post-thumbnail","hentry","category-inde"],"_links":{"self":[{"href":"https:\/\/bcdeportes.com\/index.php?rest_route=\/wp\/v2\/posts\/3101","targetHints":{"allow":["GET"]}}],"collection":[{"href":"https:\/\/bcdeportes.com\/index.php?rest_route=\/wp\/v2\/posts"}],"about":[{"href":"https:\/\/bcdeportes.com\/index.php?rest_route=\/wp\/v2\/types\/post"}],"author":[{"embeddable":true,"href":"https:\/\/bcdeportes.com\/index.php?rest_route=\/wp\/v2\/users\/2"}],"replies":[{"embeddable":true,"href":"https:\/\/bcdeportes.com\/index.php?rest_route=%2Fwp%2Fv2%2Fcomments&post=3101"}],"version-history":[{"count":1,"href":"https:\/\/bcdeportes.com\/index.php?rest_route=\/wp\/v2\/posts\/3101\/revisions"}],"predecessor-version":[{"id":3102,"href":"https:\/\/bcdeportes.com\/index.php?rest_route=\/wp\/v2\/posts\/3101\/revisions\/3102"}],"wp:featuredmedia":[{"embeddable":true,"href":"https:\/\/bcdeportes.com\/index.php?rest_route=\/wp\/v2\/media\/1815"}],"wp:attachment":[{"href":"https:\/\/bcdeportes.com\/index.php?rest_route=%2Fwp%2Fv2%2Fmedia&parent=3101"}],"wp:term":[{"taxonomy":"category","embeddable":true,"href":"https:\/\/bcdeportes.com\/index.php?rest_route=%2Fwp%2Fv2%2Fcategories&post=3101"},{"taxonomy":"post_tag","embeddable":true,"href":"https:\/\/bcdeportes.com\/index.php?rest_route=%2Fwp%2Fv2%2Ftags&post=3101"}],"curies":[{"name":"wp","href":"https:\/\/api.w.org\/{rel}","templated":true}]}}