{"id":30951,"date":"2023-06-07T02:14:11","date_gmt":"2023-06-07T02:14:11","guid":{"rendered":"http:\/\/bcdeportes.com\/?p=30951"},"modified":"2023-06-07T02:14:12","modified_gmt":"2023-06-07T02:14:12","slug":"con-plata-y-bronce-arranca-baja-california-las-actividades-del-canotaje-en-nacionales-conade","status":"publish","type":"post","link":"https:\/\/bcdeportes.com\/?p=30951","title":{"rendered":"CON PLATA Y BRONCE ARRANCA BAJA CALIFORNIA LAS ACTIVIDADES DEL CANOTAJE EN NACIONALES CONADE"},"content":{"rendered":"\n<p><em>CON PLATA Y BRONCE ARRANCA BAJA CALIFORNIA LAS ACTIVIDADES DEL CANOTAJE EN NACIONALES CONADE<\/em><\/p>\n\n\n\n<p>*De la mano de Ricardo Color y Santiago Mart\u00ednez, el Estado 29 suma sus primeras preseas en la Laguna Zapotl\u00e1n, Jalisco<\/p>\n\n\n\n<p>ZAPOPTL\u00c1N. \u2013 Arrancan las actividades del Canotaje en los Nacionales CONADE 2023 y la delegaci\u00f3n de Baja California buscar\u00e1 mejorar el tercer puesto por estados obtenido el a\u00f1o pasado.<\/p>\n\n\n\n<p>Este martes los dirigidos por el entrenador del Instituto del Deporte y la Cultura F\u00edsica de Baja California, H\u00e9ctor Depestre, lograron las primeras medallas para el representativo del Estado 29.<\/p>\n\n\n\n<p>El atleta tijuanense, Ricardo Color, presumi\u00f3 su alto nivel competitivo logrando la medalla de plata en la prueba C1 de la categor\u00eda 17-18 a\u00f1os varonil.<\/p>\n\n\n\n<p>Adem\u00e1s, Santiago Mart\u00ednez, con gran resistencia se meti\u00f3 al podio de la prueba K1 1000m de la categor\u00eda 13-14 a\u00f1os de edad, logrando la presea de bronce.<\/p>\n\n\n\n<p>\u201cHay mucho nivel y estamos en casa de Jalisco, pero para esto nos hemos preparado diariamente todo el a\u00f1o y estamos seguros que lucharemos con todo y daremos nuestro m\u00e1ximo esfuerzo hasta el final para representar a nuestra entidad de la mejor manera\u201d, coment\u00f3 el entrenador del INDE BC, Orlando Espinoza. <\/p>\n\n\n\n<p>En los Nacionales CONADE 2022, el Estado 29 consigui\u00f3 7 medallas de oro, 14 platas y 2 bronces para subir al tercer puesto general de la mencionada competencia que se realiz\u00f3 en la presa Abelardo L. Rodr\u00edguez de Tijuana en Baja California, en esta ocasi\u00f3n, la sede es la Laguna de Zapotl\u00e1n en el Estado de Jalisco, por lo que los deportistas tendr\u00e1n que encarar un reto muy dif\u00edcil si quieren superar los resultados del a\u00f1o anterior.<\/p>\n","protected":false},"excerpt":{"rendered":"<div class=\"mh-excerpt\"><p>CON PLATA Y BRONCE ARRANCA BAJA CALIFORNIA LAS ACTIVIDADES DEL CANOTAJE EN NACIONALES CONADE *De la mano de Ricardo Color y Santiago Mart\u00ednez, el Estado <a class=\"mh-excerpt-more\" href=\"https:\/\/bcdeportes.com\/?p=30951\" title=\"CON PLATA Y BRONCE ARRANCA BAJA CALIFORNIA LAS ACTIVIDADES DEL CANOTAJE EN NACIONALES CONADE\">[&#8230;]<\/a><\/p>\n<\/div>","protected":false},"author":2,"featured_media":30952,"comment_status":"closed","ping_status":"closed","sticky":false,"template":"","format":"standard","meta":{"footnotes":""},"categories":[8],"tags":[],"class_list":["post-30951","post","type-post","status-publish","format-standard","has-post-thumbnail","hentry","category-inde"],"_links":{"self":[{"href":"https:\/\/bcdeportes.com\/index.php?rest_route=\/wp\/v2\/posts\/30951","targetHints":{"allow":["GET"]}}],"collection":[{"href":"https:\/\/bcdeportes.com\/index.php?rest_route=\/wp\/v2\/posts"}],"about":[{"href":"https:\/\/bcdeportes.com\/index.php?rest_route=\/wp\/v2\/types\/post"}],"author":[{"embeddable":true,"href":"https:\/\/bcdeportes.com\/index.php?rest_route=\/wp\/v2\/users\/2"}],"replies":[{"embeddable":true,"href":"https:\/\/bcdeportes.com\/index.php?rest_route=%2Fwp%2Fv2%2Fcomments&post=30951"}],"version-history":[{"count":1,"href":"https:\/\/bcdeportes.com\/index.php?rest_route=\/wp\/v2\/posts\/30951\/revisions"}],"predecessor-version":[{"id":30953,"href":"https:\/\/bcdeportes.com\/index.php?rest_route=\/wp\/v2\/posts\/30951\/revisions\/30953"}],"wp:featuredmedia":[{"embeddable":true,"href":"https:\/\/bcdeportes.com\/index.php?rest_route=\/wp\/v2\/media\/30952"}],"wp:attachment":[{"href":"https:\/\/bcdeportes.com\/index.php?rest_route=%2Fwp%2Fv2%2Fmedia&parent=30951"}],"wp:term":[{"taxonomy":"category","embeddable":true,"href":"https:\/\/bcdeportes.com\/index.php?rest_route=%2Fwp%2Fv2%2Fcategories&post=30951"},{"taxonomy":"post_tag","embeddable":true,"href":"https:\/\/bcdeportes.com\/index.php?rest_route=%2Fwp%2Fv2%2Ftags&post=30951"}],"curies":[{"name":"wp","href":"https:\/\/api.w.org\/{rel}","templated":true}]}}