{"id":30937,"date":"2023-06-05T23:03:32","date_gmt":"2023-06-05T23:03:32","guid":{"rendered":"http:\/\/bcdeportes.com\/?p=30937"},"modified":"2023-06-05T23:03:33","modified_gmt":"2023-06-05T23:03:33","slug":"los-profesionistas-del-deporte-invitan-a-su-programa-vacacional-2023","status":"publish","type":"post","link":"https:\/\/bcdeportes.com\/?p=30937","title":{"rendered":"Los Profesionistas del Deporte Invitan a su Programa Vacacional 2023"},"content":{"rendered":"\n<p>Los\nProfesionistas del Deporte Invitan a su Programa Vacacional 2023<\/p>\n\n\n\n<p>ENSENADA.-\nEl Colegio Estatal de Profesionistas en Cultura F\u00edsica y Deporte de Baja\nCalifornia ofreci\u00f3 una rueda de prensa para dar a conocer y lanzar la\ninvitaci\u00f3n a todos los ni\u00f1os y j\u00f3venes de la comunidad a participar en los que\nser\u00e1 su primer \u201cPrograma Vacacional 2023\u201d.<\/p>\n\n\n\n<p>En\nla conferencia de prensa celebrada en la sala de juntas del Inmudere se\nencontraban, Iv\u00e1n Ramos, presidente del Colegio Estatal de Profesionistas en\nCultura F\u00edsica y Deporte de Baja California V\u00edctor Gonzales Vel\u00e1zquez, director\ndel Instituto Municipal del Deporte y Recreaci\u00f3n de Ensenada, as\u00ed como maestros\nde educaci\u00f3n f\u00edsica; Ericka Ortiz, Yetzira Morales, quienes ser\u00e1n las\nencargadas de las sedes Ra\u00fal Ram\u00edrez y Colonia Hidalgo, respectivamente Kenya\nCortez y Ad\u00e1n Hirata, asesor del programa vacacional y todos agremiados al\ncolegiado.<\/p>\n\n\n\n<p>Iv\u00e1n\nRamos, presidente del Colegio Estatal dio a conocer que el programa se llevar\u00e1\na cabo del 10 de julio al 4 de agosto del presente a\u00f1o, en horario de 8:00 am a\n12:30 pm de lunes a viernes en las Unidades Deportivas Ra\u00fal Ram\u00edrez Lozano\n(Ciudad Deportiva Valle Dorado) y la Unidad Deportiva Vicente Guerrero de la\nColonia Hidalgo.<\/p>\n\n\n\n<p>Ramos\ndio a conocer que algunas de la actividades que desarrollan en este programa vacacional\nser\u00e1n: Acu\u00e1ticas, Atletismo, Basquetbol, Futbol, Rally, Paseos, Campamento\nentre otras.<\/p>\n\n\n\n<p>El\ncosto de inscripci\u00f3n ser\u00e1 de 1400 pesos en la sede Ra\u00fal Ram\u00edrez Lozano y d1\n1000 pesos en la sede de la Colonia Hidalgo, que les incluye Camiseta del\ncurso, Gafete, Materiales y Diploma.<\/p>\n\n\n\n<p>Los\nni\u00f1os y j\u00f3venes que deseen participar, deber\u00e1n de completar el pre registro por\nparte del padre de familia o tutor, en el siguiente enlace o bien para informes\nal whatsapp 646 384 19 86.<\/p>\n\n\n\n<p>Pre-Registro\nhttps:\/\/forms.gle\/A52D2W4xm8bHWVC46<\/p>\n\n\n\n<p>Las\ncategor\u00edas son:<\/p>\n\n\n\n<p>5\ny 6 a\u00f1os<\/p>\n\n\n\n<p>7\ny 8 a\u00f1os<\/p>\n\n\n\n<p>9\ny 10 a\u00f1os<\/p>\n\n\n\n<p>11\ny 12 a\u00f1os<\/p>\n\n\n\n<p>13\ny 14 a\u00f1os<\/p>\n","protected":false},"excerpt":{"rendered":"<div class=\"mh-excerpt\"><p>Los Profesionistas del Deporte Invitan a su Programa Vacacional 2023 ENSENADA.- El Colegio Estatal de Profesionistas en Cultura F\u00edsica y Deporte de Baja California ofreci\u00f3 <a class=\"mh-excerpt-more\" href=\"https:\/\/bcdeportes.com\/?p=30937\" title=\"Los Profesionistas del Deporte Invitan a su Programa Vacacional 2023\">[&#8230;]<\/a><\/p>\n<\/div>","protected":false},"author":2,"featured_media":30939,"comment_status":"closed","ping_status":"closed","sticky":false,"template":"","format":"standard","meta":{"footnotes":""},"categories":[1],"tags":[],"class_list":["post-30937","post","type-post","status-publish","format-standard","has-post-thumbnail","hentry","category-uncategorized"],"_links":{"self":[{"href":"https:\/\/bcdeportes.com\/index.php?rest_route=\/wp\/v2\/posts\/30937","targetHints":{"allow":["GET"]}}],"collection":[{"href":"https:\/\/bcdeportes.com\/index.php?rest_route=\/wp\/v2\/posts"}],"about":[{"href":"https:\/\/bcdeportes.com\/index.php?rest_route=\/wp\/v2\/types\/post"}],"author":[{"embeddable":true,"href":"https:\/\/bcdeportes.com\/index.php?rest_route=\/wp\/v2\/users\/2"}],"replies":[{"embeddable":true,"href":"https:\/\/bcdeportes.com\/index.php?rest_route=%2Fwp%2Fv2%2Fcomments&post=30937"}],"version-history":[{"count":1,"href":"https:\/\/bcdeportes.com\/index.php?rest_route=\/wp\/v2\/posts\/30937\/revisions"}],"predecessor-version":[{"id":30940,"href":"https:\/\/bcdeportes.com\/index.php?rest_route=\/wp\/v2\/posts\/30937\/revisions\/30940"}],"wp:featuredmedia":[{"embeddable":true,"href":"https:\/\/bcdeportes.com\/index.php?rest_route=\/wp\/v2\/media\/30939"}],"wp:attachment":[{"href":"https:\/\/bcdeportes.com\/index.php?rest_route=%2Fwp%2Fv2%2Fmedia&parent=30937"}],"wp:term":[{"taxonomy":"category","embeddable":true,"href":"https:\/\/bcdeportes.com\/index.php?rest_route=%2Fwp%2Fv2%2Fcategories&post=30937"},{"taxonomy":"post_tag","embeddable":true,"href":"https:\/\/bcdeportes.com\/index.php?rest_route=%2Fwp%2Fv2%2Ftags&post=30937"}],"curies":[{"name":"wp","href":"https:\/\/api.w.org\/{rel}","templated":true}]}}