{"id":30922,"date":"2023-06-05T01:36:19","date_gmt":"2023-06-05T01:36:19","guid":{"rendered":"http:\/\/bcdeportes.com\/?p=30922"},"modified":"2023-06-05T01:36:20","modified_gmt":"2023-06-05T01:36:20","slug":"selecciones-guinda-y-negra-en-el-juego-de-estrellas-del-softbol-de-los-barrios","status":"publish","type":"post","link":"https:\/\/bcdeportes.com\/?p=30922","title":{"rendered":"Selecciones Guinda y Negra en el Juego de Estrellas del Softbol de Los Barrios"},"content":{"rendered":"\n<p>Selecciones Guinda\ny Negra en el Juego de Estrellas del Softbol de Los Barrios<\/p>\n\n\n\n<p>MANEADERO.- Ya se\narmaron las selecciones Guinda y Negra para que se juegue este martes a partir\nde las seis de la tarde en el campo Manuel Mercado el Juego de Estrellas de la\nrama Femenil especial de la S\u00e9ptima Edici\u00f3n del torneo de softbol de Los\nBarrios de Maneadero.<\/p>\n\n\n\n<p>Israel Pimentel\nMontijo, dirigente del softbol de Los Barrios de Maneadero dio a conocer que se\narmaron los representativos con las mejores jugadoras de cada equipo\nparticipante en la categor\u00eda Especial de la rama Femenil, selecciones que estar\u00e1n\na cargo de Adri\u00e1n Anzaldo al frente del Guinda y Jos\u00e9 Luis Ni\u00f1o dirigiendo al\nNegro.<\/p>\n\n\n\n<p>EQUIPO GUINDA<\/p>\n\n\n\n<p>La selecci\u00f3n\nGuinda est\u00e1 compuesta por las jugadoras; Alejandra Hern\u00e1ndez, Melanie Ni\u00f1o, Sandra\nLucero, Alejandra Alvarado, Fabiola Alvarado, Javiera Rangel, Esmeralda Mu\u00f1oz, Adriana\nLucero, Wendy Aguirre, Mariana Ponce, Alondra Ni\u00f1o, Camila Avi\u00f1a, Marina Verdugo,\nLorena Zamora y el manejador; Adri\u00e1n Anzaldo, coach; Alejandra Hernandez.<\/p>\n\n\n\n<p>EQUIPO NEGRO<\/p>\n\n\n\n<p>El representativo\nNegro est\u00e1 integrado por: Nahomy Mart\u00ednez, Nixia Maga\u00f1a, Liliana N\u00fa\u00f1ez, Edith\nRam\u00edrez, Sara Arce, Sof\u00eda Cisneros, Rosa Mel\u00e9ndez, Lupita Espinoza, Sandra S\u00e1nchez,\nYuriztbel Vargas, Yareli J\u00e1uregui, F\u00e1tima P\u00e9rez, Araceli Valdivia, Alejandra Miranda\ny el manejador; Jos\u00e9 Luis Ni\u00f1o y Coach: Jovanny Maga\u00f1a.<\/p>\n","protected":false},"excerpt":{"rendered":"<div class=\"mh-excerpt\"><p>Selecciones Guinda y Negra en el Juego de Estrellas del Softbol de Los Barrios MANEADERO.- Ya se armaron las selecciones Guinda y Negra para que <a class=\"mh-excerpt-more\" href=\"https:\/\/bcdeportes.com\/?p=30922\" title=\"Selecciones Guinda y Negra en el Juego de Estrellas del Softbol de Los Barrios\">[&#8230;]<\/a><\/p>\n<\/div>","protected":false},"author":2,"featured_media":30550,"comment_status":"closed","ping_status":"closed","sticky":false,"template":"","format":"standard","meta":{"footnotes":""},"categories":[1],"tags":[],"class_list":["post-30922","post","type-post","status-publish","format-standard","has-post-thumbnail","hentry","category-uncategorized"],"_links":{"self":[{"href":"https:\/\/bcdeportes.com\/index.php?rest_route=\/wp\/v2\/posts\/30922","targetHints":{"allow":["GET"]}}],"collection":[{"href":"https:\/\/bcdeportes.com\/index.php?rest_route=\/wp\/v2\/posts"}],"about":[{"href":"https:\/\/bcdeportes.com\/index.php?rest_route=\/wp\/v2\/types\/post"}],"author":[{"embeddable":true,"href":"https:\/\/bcdeportes.com\/index.php?rest_route=\/wp\/v2\/users\/2"}],"replies":[{"embeddable":true,"href":"https:\/\/bcdeportes.com\/index.php?rest_route=%2Fwp%2Fv2%2Fcomments&post=30922"}],"version-history":[{"count":1,"href":"https:\/\/bcdeportes.com\/index.php?rest_route=\/wp\/v2\/posts\/30922\/revisions"}],"predecessor-version":[{"id":30923,"href":"https:\/\/bcdeportes.com\/index.php?rest_route=\/wp\/v2\/posts\/30922\/revisions\/30923"}],"wp:featuredmedia":[{"embeddable":true,"href":"https:\/\/bcdeportes.com\/index.php?rest_route=\/wp\/v2\/media\/30550"}],"wp:attachment":[{"href":"https:\/\/bcdeportes.com\/index.php?rest_route=%2Fwp%2Fv2%2Fmedia&parent=30922"}],"wp:term":[{"taxonomy":"category","embeddable":true,"href":"https:\/\/bcdeportes.com\/index.php?rest_route=%2Fwp%2Fv2%2Fcategories&post=30922"},{"taxonomy":"post_tag","embeddable":true,"href":"https:\/\/bcdeportes.com\/index.php?rest_route=%2Fwp%2Fv2%2Ftags&post=30922"}],"curies":[{"name":"wp","href":"https:\/\/api.w.org\/{rel}","templated":true}]}}