{"id":30810,"date":"2023-05-29T00:19:03","date_gmt":"2023-05-29T00:19:03","guid":{"rendered":"http:\/\/bcdeportes.com\/?p=30810"},"modified":"2023-05-29T00:19:44","modified_gmt":"2023-05-29T00:19:44","slug":"30810","status":"publish","type":"post","link":"https:\/\/bcdeportes.com\/?p=30810","title":{"rendered":"Capacitaron a Instructoras de Cafis del Inmudere"},"content":{"rendered":"\n<p><\/p>\n\n\n\n<p>ENSENADA.- El\nInstituto Municipal del Deporte y Recreaci\u00f3n de Ensenada dentro del programa\n\u00abPor Mi Salud Yo Me Activo\u00bb, llev\u00f3 a cabo la \u00abCapacitaci\u00f3n para\nInstructoras de los Centros de Activaci\u00f3n F\u00edsica de Inmudere\u00bb,&nbsp; por la capacitadora Natalie Barrera Zumba\nLove Fit by Natalie Barrera.<\/p>\n\n\n\n<p>El evento se\ncelebr\u00f3 con la finalidad de activar f\u00edsicamente a la poblaci\u00f3n, as\u00ed como dar\ncontinuidad a la capacitaci\u00f3n de los instructores de los Centros de Activaci\u00f3n\nF\u00edsica (CAFIS) que impulsa el Gobierno Municipal a trav\u00e9s del Instituto\nMunicipal del Deporte y Recreaci\u00f3n de Ensenada.<\/p>\n\n\n\n<p>Al taller celebrado\nen el gimnasio municipal Oscar \u201cTigre\u201d Garc\u00eda acudieron alrededor de 40\ninstructores los cuales disfrutaron de la convivencia y un ambiente muy\nsabroso, siendo Arturo Rodr\u00edguez quien a nombre del director de Inmudere;\nV\u00edctor Octavio Gonz\u00e1lez Vel\u00e1zquez diera la bienvenida a los participantes.<\/p>\n\n\n\n<p>Al finalizar se\nentreg\u00f3 un reconocimiento a Natalie Barrera en agradecimiento por su gran\ntrabajo para posteriormente tomar la fotograf\u00eda del recuerdo con todos los\ninstructores.<\/p>\n\n\n\n<p><a>El\nInmudere cuenta con Cafis en varias unidades deportivas; Parque 3 Colonias,\nValle Dorado, Sullivan, Ruiz Cortinez, Misiones de La Presa, Punta Banda 1, Villas\ndel Real 4, Maneadero, entre otros<\/a>, todos coordinados por la instructora\nClaudia Carre\u00f3n.<\/p>\n","protected":false},"excerpt":{"rendered":"<div class=\"mh-excerpt\"><p>ENSENADA.- El Instituto Municipal del Deporte y Recreaci\u00f3n de Ensenada dentro del programa \u00abPor Mi Salud Yo Me Activo\u00bb, llev\u00f3 a cabo la \u00abCapacitaci\u00f3n para <a class=\"mh-excerpt-more\" href=\"https:\/\/bcdeportes.com\/?p=30810\" title=\"Capacitaron a Instructoras de Cafis del Inmudere\">[&#8230;]<\/a><\/p>\n<\/div>","protected":false},"author":2,"featured_media":30811,"comment_status":"closed","ping_status":"closed","sticky":false,"template":"","format":"standard","meta":{"footnotes":""},"categories":[9,1],"tags":[],"class_list":["post-30810","post","type-post","status-publish","format-standard","has-post-thumbnail","hentry","category-inmudere","category-uncategorized"],"_links":{"self":[{"href":"https:\/\/bcdeportes.com\/index.php?rest_route=\/wp\/v2\/posts\/30810","targetHints":{"allow":["GET"]}}],"collection":[{"href":"https:\/\/bcdeportes.com\/index.php?rest_route=\/wp\/v2\/posts"}],"about":[{"href":"https:\/\/bcdeportes.com\/index.php?rest_route=\/wp\/v2\/types\/post"}],"author":[{"embeddable":true,"href":"https:\/\/bcdeportes.com\/index.php?rest_route=\/wp\/v2\/users\/2"}],"replies":[{"embeddable":true,"href":"https:\/\/bcdeportes.com\/index.php?rest_route=%2Fwp%2Fv2%2Fcomments&post=30810"}],"version-history":[{"count":2,"href":"https:\/\/bcdeportes.com\/index.php?rest_route=\/wp\/v2\/posts\/30810\/revisions"}],"predecessor-version":[{"id":30814,"href":"https:\/\/bcdeportes.com\/index.php?rest_route=\/wp\/v2\/posts\/30810\/revisions\/30814"}],"wp:featuredmedia":[{"embeddable":true,"href":"https:\/\/bcdeportes.com\/index.php?rest_route=\/wp\/v2\/media\/30811"}],"wp:attachment":[{"href":"https:\/\/bcdeportes.com\/index.php?rest_route=%2Fwp%2Fv2%2Fmedia&parent=30810"}],"wp:term":[{"taxonomy":"category","embeddable":true,"href":"https:\/\/bcdeportes.com\/index.php?rest_route=%2Fwp%2Fv2%2Fcategories&post=30810"},{"taxonomy":"post_tag","embeddable":true,"href":"https:\/\/bcdeportes.com\/index.php?rest_route=%2Fwp%2Fv2%2Ftags&post=30810"}],"curies":[{"name":"wp","href":"https:\/\/api.w.org\/{rel}","templated":true}]}}