{"id":30786,"date":"2023-05-26T23:07:50","date_gmt":"2023-05-26T23:07:50","guid":{"rendered":"http:\/\/bcdeportes.com\/?p=30786"},"modified":"2023-05-26T23:07:50","modified_gmt":"2023-05-26T23:07:50","slug":"recibe-daniel-el-aleman-garcia-su-cinturon-de-campeon-de-norteamerica-ibf","status":"publish","type":"post","link":"https:\/\/bcdeportes.com\/?p=30786","title":{"rendered":"Recibe Daniel \u201cEl Alem\u00e1n\u201d Garc\u00eda su Cintur\u00f3n de Campe\u00f3n de Norteam\u00e9rica IBF"},"content":{"rendered":"\n<p>Recibe\nDaniel \u201cEl Alem\u00e1n\u201d Garc\u00eda su Cintur\u00f3n de Campe\u00f3n de Norteam\u00e9rica IBF<\/p>\n\n\n\n<p>ENSENADA.-\nEl p\u00fagil ensenadense Daniel \u201cEl Alem\u00e1n\u201d Garc\u00eda Molina recibi\u00f3 el cintur\u00f3n Superpluma\ndel Campeonato de Norteam\u00e9rica de la Federaci\u00f3n Internacional de Boxeo entrega\nque se llev\u00f3 a cabo en la aula de deportes de la Universidad Xochicalco, campus\nEnsenada.<\/p>\n\n\n\n<p>El\npresidente municipal, Armando Ayala Robles, hizo la entrega del cintur\u00f3n\nacompa\u00f1ado de Jorge Mario Pi\u00f1uelas Osuna, rector de Universidad Xochicalco y el\nregidor, Sergio Ayala Laveaga.<\/p>\n\n\n\n<p>Ayala\nRobles agradeci\u00f3 a la instituci\u00f3n acad\u00e9mica y al equipo de Daniel Garc\u00eda por\npermitirle ser parte de esta significativa entrega, ya que es un momento\nespecial para \u00e9l, su familia y equipo de entrenamiento que lo acompa\u00f1an en cada\ncompetencia.<\/p>\n\n\n\n<p>Por\nsu parte, el rector de Universidad Xochicalco, Jorge Mario Pi\u00f1uelas Osuna, dijo\nque es un orgullo para la instituci\u00f3n reconocer a un joven talento y alumno de\nla instituci\u00f3n que ha destacado en el deporte obteniendo un campeonato\ninternacional.<\/p>\n\n\n\n<p>Sergio\nAyala Laveaga, presidente de la Comisi\u00f3n del Deporte en Cabildo, apunt\u00f3 que\nDaniel es muestra de que el deporte profesional no est\u00e1 peleado con el estudio\ny de que cuando se lo proponen todo es posible.<\/p>\n\n\n\n<p>Finalmente,\nDaniel \u201cEl Alem\u00e1n\u201d Garc\u00eda Molina, campe\u00f3n de Norteam\u00e9rica de la Federaci\u00f3n\nInternacional de Boxeo, coment\u00f3 que su reto inici\u00f3 cuando lo llaman a pelear\ncon un boxeador originario de Uzbekist\u00e1n, competidor ol\u00edmpico y de casi 30\na\u00f1os.<\/p>\n\n\n\n<p>Agradeci\u00f3\na todos quienes le han apoyado durante su carrera box\u00edstica y profesional, a\nsus padres, a sus entrenadores, la universidad y todas las personas que son parte\nde su vida dentro del deporte, pues eso le ha impulsado a ser un campe\u00f3n.<\/p>\n","protected":false},"excerpt":{"rendered":"<div class=\"mh-excerpt\"><p>Recibe Daniel \u201cEl Alem\u00e1n\u201d Garc\u00eda su Cintur\u00f3n de Campe\u00f3n de Norteam\u00e9rica IBF ENSENADA.- El p\u00fagil ensenadense Daniel \u201cEl Alem\u00e1n\u201d Garc\u00eda Molina recibi\u00f3 el cintur\u00f3n Superpluma <a class=\"mh-excerpt-more\" href=\"https:\/\/bcdeportes.com\/?p=30786\" title=\"Recibe Daniel \u201cEl Alem\u00e1n\u201d Garc\u00eda su Cintur\u00f3n de Campe\u00f3n de Norteam\u00e9rica IBF\">[&#8230;]<\/a><\/p>\n<\/div>","protected":false},"author":2,"featured_media":30787,"comment_status":"closed","ping_status":"closed","sticky":false,"template":"","format":"standard","meta":{"footnotes":""},"categories":[1],"tags":[],"class_list":["post-30786","post","type-post","status-publish","format-standard","has-post-thumbnail","hentry","category-uncategorized"],"_links":{"self":[{"href":"https:\/\/bcdeportes.com\/index.php?rest_route=\/wp\/v2\/posts\/30786","targetHints":{"allow":["GET"]}}],"collection":[{"href":"https:\/\/bcdeportes.com\/index.php?rest_route=\/wp\/v2\/posts"}],"about":[{"href":"https:\/\/bcdeportes.com\/index.php?rest_route=\/wp\/v2\/types\/post"}],"author":[{"embeddable":true,"href":"https:\/\/bcdeportes.com\/index.php?rest_route=\/wp\/v2\/users\/2"}],"replies":[{"embeddable":true,"href":"https:\/\/bcdeportes.com\/index.php?rest_route=%2Fwp%2Fv2%2Fcomments&post=30786"}],"version-history":[{"count":1,"href":"https:\/\/bcdeportes.com\/index.php?rest_route=\/wp\/v2\/posts\/30786\/revisions"}],"predecessor-version":[{"id":30788,"href":"https:\/\/bcdeportes.com\/index.php?rest_route=\/wp\/v2\/posts\/30786\/revisions\/30788"}],"wp:featuredmedia":[{"embeddable":true,"href":"https:\/\/bcdeportes.com\/index.php?rest_route=\/wp\/v2\/media\/30787"}],"wp:attachment":[{"href":"https:\/\/bcdeportes.com\/index.php?rest_route=%2Fwp%2Fv2%2Fmedia&parent=30786"}],"wp:term":[{"taxonomy":"category","embeddable":true,"href":"https:\/\/bcdeportes.com\/index.php?rest_route=%2Fwp%2Fv2%2Fcategories&post=30786"},{"taxonomy":"post_tag","embeddable":true,"href":"https:\/\/bcdeportes.com\/index.php?rest_route=%2Fwp%2Fv2%2Ftags&post=30786"}],"curies":[{"name":"wp","href":"https:\/\/api.w.org\/{rel}","templated":true}]}}