{"id":30678,"date":"2023-05-19T23:27:41","date_gmt":"2023-05-19T23:27:41","guid":{"rendered":"http:\/\/bcdeportes.com\/?p=30678"},"modified":"2023-05-19T23:27:41","modified_gmt":"2023-05-19T23:27:41","slug":"mas-de-500-participaron-en-la-caminata-vistete-de-neon-10k","status":"publish","type":"post","link":"https:\/\/bcdeportes.com\/?p=30678","title":{"rendered":"M\u00e1s de 500 Participaron en la Caminata \u00abV\u00edstete de Ne\u00f3n 10K\u00bb"},"content":{"rendered":"\n<p>M\u00e1s\nde 500 Participaron en la Caminata \u00abV\u00edstete de Ne\u00f3n 10K\u00bb <\/p>\n\n\n\n<p>ENSENADA.-\nCon alrededor de 500 personas participando el Instituto Municipal del Deporte y\nRecreaci\u00f3n de Ensenada, (Inmudere) llevo a cabo dentro de su programa \u00abPor\nMi Salud Yo Me Activo\u00bb la primera Caminata Nocturna denominada \u00abV\u00edstete\nde Ne\u00f3n 10 Kil\u00f3metros\u201d. <\/p>\n\n\n\n<p>Los\ncerca de 500 personas entre los que se encontraban los clubes de \u201cLos\nSaludables\u201d, \u201cMu\u00e9vete\u201d y \u201cSenderismo\u201d se reunieron en la Playa Conalep para que\nen punto de las 19:15 horas diera inicio en evento con un calentamiento previo\ndirigido por Claudia Carre\u00f3n, coordinadora de los Centros de Activaci\u00f3n F\u00edsica\ndel Inmudere para que minutos despu\u00e9s V\u00edctor O. Gonz\u00e1lez Vel\u00e1zquez dirigente\ndel deporte municipal diera el cornetazo de salida y empezara la caminata a la\nluz de luna.<\/p>\n\n\n\n<p>Fueron\n10 kil\u00f3metros los que disfrutaron con arena suelta, ya que la marea estaba\nalta, caminata que disfrutaron familias completas, amigos y parejas, algunos de\nellos con sus mascotas.<\/p>\n\n\n\n<p>Gonz\u00e1lez\nVel\u00e1zquez agradeci\u00f3 la asistencia de todos los participantes, al mismo tiempo\nque los felicitaba por su excelente vestuario de Ne\u00f3n e invit\u00e1ndolos a lo que\nser\u00e1 su pr\u00f3ximo evento que ser\u00e1 de Senderismo.<\/p>\n","protected":false},"excerpt":{"rendered":"<div class=\"mh-excerpt\"><p>M\u00e1s de 500 Participaron en la Caminata \u00abV\u00edstete de Ne\u00f3n 10K\u00bb ENSENADA.- Con alrededor de 500 personas participando el Instituto Municipal del Deporte y Recreaci\u00f3n <a class=\"mh-excerpt-more\" href=\"https:\/\/bcdeportes.com\/?p=30678\" title=\"M\u00e1s de 500 Participaron en la Caminata \u00abV\u00edstete de Ne\u00f3n 10K\u00bb\">[&#8230;]<\/a><\/p>\n<\/div>","protected":false},"author":2,"featured_media":30679,"comment_status":"closed","ping_status":"closed","sticky":false,"template":"","format":"standard","meta":{"footnotes":""},"categories":[9,1],"tags":[],"class_list":["post-30678","post","type-post","status-publish","format-standard","has-post-thumbnail","hentry","category-inmudere","category-uncategorized"],"_links":{"self":[{"href":"https:\/\/bcdeportes.com\/index.php?rest_route=\/wp\/v2\/posts\/30678","targetHints":{"allow":["GET"]}}],"collection":[{"href":"https:\/\/bcdeportes.com\/index.php?rest_route=\/wp\/v2\/posts"}],"about":[{"href":"https:\/\/bcdeportes.com\/index.php?rest_route=\/wp\/v2\/types\/post"}],"author":[{"embeddable":true,"href":"https:\/\/bcdeportes.com\/index.php?rest_route=\/wp\/v2\/users\/2"}],"replies":[{"embeddable":true,"href":"https:\/\/bcdeportes.com\/index.php?rest_route=%2Fwp%2Fv2%2Fcomments&post=30678"}],"version-history":[{"count":1,"href":"https:\/\/bcdeportes.com\/index.php?rest_route=\/wp\/v2\/posts\/30678\/revisions"}],"predecessor-version":[{"id":30680,"href":"https:\/\/bcdeportes.com\/index.php?rest_route=\/wp\/v2\/posts\/30678\/revisions\/30680"}],"wp:featuredmedia":[{"embeddable":true,"href":"https:\/\/bcdeportes.com\/index.php?rest_route=\/wp\/v2\/media\/30679"}],"wp:attachment":[{"href":"https:\/\/bcdeportes.com\/index.php?rest_route=%2Fwp%2Fv2%2Fmedia&parent=30678"}],"wp:term":[{"taxonomy":"category","embeddable":true,"href":"https:\/\/bcdeportes.com\/index.php?rest_route=%2Fwp%2Fv2%2Fcategories&post=30678"},{"taxonomy":"post_tag","embeddable":true,"href":"https:\/\/bcdeportes.com\/index.php?rest_route=%2Fwp%2Fv2%2Ftags&post=30678"}],"curies":[{"name":"wp","href":"https:\/\/api.w.org\/{rel}","templated":true}]}}