{"id":30574,"date":"2023-05-12T04:30:57","date_gmt":"2023-05-12T04:30:57","guid":{"rendered":"http:\/\/bcdeportes.com\/?p=30574"},"modified":"2023-05-12T04:30:58","modified_gmt":"2023-05-12T04:30:58","slug":"anuncian-torneo-nacional-de-frontenis-en-ensenada","status":"publish","type":"post","link":"https:\/\/bcdeportes.com\/?p=30574","title":{"rendered":"Anuncian Torneo Nacional de Frontenis en Ensenada"},"content":{"rendered":"\n<p>Anuncian Torneo\nNacional de Frontenis en Ensenada<\/p>\n\n\n\n<p>ENSENADA.- La Asociaci\u00f3n\nEstatal de Frontenis de Baja California dio a conocer en rueda de prensa la\ncelebracion del Campeonato Nacional de Primera Fuerza de Frontenis que se va a\nrealizar en las instalaciones del Centro de Alto Rendimiento en Ensenada del 19\nal 21 de mayo, <\/p>\n\n\n\n<p>\u201cEste es un\nimportante torneo ya que otorga puntos para el ranking nacional, as\u00ed que aqu\u00ed\nestar\u00e1n los mejores jugadores del pa\u00eds, los que estar\u00e1n buscando asistir a los\nPanamericanos del 2024\u201d, dijo Jos\u00e9 Ch\u00e1vez presidente de la Asociaci\u00f3n Estatal\nde este deporte.<\/p>\n\n\n\n<p>\u201cTrajimos el\ntorneo Abierto Nacional a Ensenada porque aqu\u00ed tenemos no solo las mejores\ninstalaciones del estado, si, no de toda la rep\u00fablica, adem\u00e1s que tenemos todo\nel respaldo del Instituto del Deporte del Estado que dirige Erick Morales, al\nprestarnos las instalaciones del Centro de Alto Rendimiento de Ensenada para\nllevar a cabo este Nacional en que cual estaremos repartiendo una bolsa de\nalrededor de los 130 mil pesos en premios\u201d, dijo Jos\u00e9 Ch\u00e1vez.<\/p>\n\n\n\n<p>El dirigente del\nfrontenis en el estado dio a conocer los pormenores del torneo Abierto Nacional\nque se desarrollara del 19 al 21 de manyo en las canchas del Car de Ensenada y\nque tendr\u00e1 un costo de entrada para los aficionados.<\/p>\n\n\n\n<p>El torneo se\njugara en la rama Varonil en las modalidades de Individual y Parejas en las\ncategor\u00edas de Primera Fuerza, Segunda Fuerza, Veteranos A, B, C y D, as\u00ed como\nen Infantil y Juvenil.<\/p>\n\n\n\n<p>En la rueda de\nprensa estuvieron presentes, Carlos King, director de Alto Nivel de Competencia\ndel INDEBC en representaci\u00f3n de Erick Morales, titular del INDEBC, Jos\u00e9 Ch\u00e1vez,\npresidente de la AEFBC, V\u00edctor Octavio Gonz\u00e1lez Vel\u00e1zquez, director de\nInmudere.<\/p>\n","protected":false},"excerpt":{"rendered":"<div class=\"mh-excerpt\"><p>Anuncian Torneo Nacional de Frontenis en Ensenada ENSENADA.- La Asociaci\u00f3n Estatal de Frontenis de Baja California dio a conocer en rueda de prensa la celebracion <a class=\"mh-excerpt-more\" href=\"https:\/\/bcdeportes.com\/?p=30574\" title=\"Anuncian Torneo Nacional de Frontenis en Ensenada\">[&#8230;]<\/a><\/p>\n<\/div>","protected":false},"author":2,"featured_media":30575,"comment_status":"closed","ping_status":"closed","sticky":false,"template":"","format":"standard","meta":{"footnotes":""},"categories":[1],"tags":[],"class_list":["post-30574","post","type-post","status-publish","format-standard","has-post-thumbnail","hentry","category-uncategorized"],"_links":{"self":[{"href":"https:\/\/bcdeportes.com\/index.php?rest_route=\/wp\/v2\/posts\/30574","targetHints":{"allow":["GET"]}}],"collection":[{"href":"https:\/\/bcdeportes.com\/index.php?rest_route=\/wp\/v2\/posts"}],"about":[{"href":"https:\/\/bcdeportes.com\/index.php?rest_route=\/wp\/v2\/types\/post"}],"author":[{"embeddable":true,"href":"https:\/\/bcdeportes.com\/index.php?rest_route=\/wp\/v2\/users\/2"}],"replies":[{"embeddable":true,"href":"https:\/\/bcdeportes.com\/index.php?rest_route=%2Fwp%2Fv2%2Fcomments&post=30574"}],"version-history":[{"count":1,"href":"https:\/\/bcdeportes.com\/index.php?rest_route=\/wp\/v2\/posts\/30574\/revisions"}],"predecessor-version":[{"id":30576,"href":"https:\/\/bcdeportes.com\/index.php?rest_route=\/wp\/v2\/posts\/30574\/revisions\/30576"}],"wp:featuredmedia":[{"embeddable":true,"href":"https:\/\/bcdeportes.com\/index.php?rest_route=\/wp\/v2\/media\/30575"}],"wp:attachment":[{"href":"https:\/\/bcdeportes.com\/index.php?rest_route=%2Fwp%2Fv2%2Fmedia&parent=30574"}],"wp:term":[{"taxonomy":"category","embeddable":true,"href":"https:\/\/bcdeportes.com\/index.php?rest_route=%2Fwp%2Fv2%2Fcategories&post=30574"},{"taxonomy":"post_tag","embeddable":true,"href":"https:\/\/bcdeportes.com\/index.php?rest_route=%2Fwp%2Fv2%2Ftags&post=30574"}],"curies":[{"name":"wp","href":"https:\/\/api.w.org\/{rel}","templated":true}]}}