{"id":2953,"date":"2015-12-10T01:41:24","date_gmt":"2015-12-10T01:41:24","guid":{"rendered":"http:\/\/bcdeportes.com\/?p=2953"},"modified":"2015-12-10T01:41:24","modified_gmt":"2015-12-10T01:41:24","slug":"j-j-carrillo-va-a-continuar-al-frente-de-la-rural","status":"publish","type":"post","link":"https:\/\/bcdeportes.com\/?p=2953","title":{"rendered":"J. J. Carrillo Va a Continuar al Frente de La Rural"},"content":{"rendered":"<p>J. J. Carrillo Va a Continuar al Frente de La Rural<\/p>\n<p>Cuenta Ya Con El Respaldo de la Mayor\u00eda<\/p>\n<p>Por. Alfonso J. Garz\u00f3n<br \/>\nMANEADERO.- El actual dirigente de la Liga Rural de beisbol de Maneadero, Juan Jos\u00e9 Carrillo Huerta buscara continuar al frente de la mesa directiva para un pr\u00f3ximo periodo, ya que este lunes a partir de las 19:00 horas se llevaran a cabo las elecciones para buscar al dirigente del beisbol Rural.<br \/>\nLas elecciones se verificaran en la sala de juntas del campo deportivo Rub\u00e9n S\u00e1nchez Legaspy, donde Carrillo Huerta espera que los delegados comprometidos con la Liga Rural de beisbol de Maneadero le otorguen el respaldo y siga al frente de este organismo.<br \/>\nJuan Jos\u00e9 Carrillo Huerta, quine agarro la dirigencia del beisbol Rural de Maneadero, ante la renuncia de Eliseo Arce, se\u00f1alo  que expuso a la mayor\u00eda de los delegados su intenci\u00f3n de seguir al frente de esta liga, por lo que cada uno de ellos, le dio el respaldo para que dirija la liga en el pr\u00f3ximo ciclo y as\u00ed poder continuar con los proyectos para mejorar la liga y sus campos de juego.<br \/>\nComo son la primera etapa de las grader\u00edas centrales del campo Rub\u00e9n S\u00e1nchez Legaspy que ser\u00e1n de primer nivel, contando con \u00e1rea de 6 m\u00f3dulos comerciales en la parte de abajo y ba\u00f1os.<br \/>\nTenemos proyectado un total de 4,800 butacas en todo el \u00e1rea de gradas, o sea centrales y laterales, adem\u00e1s en el proyecto se tiene contemplados un nuevo modulo de ba\u00f1os y ba\u00f1os con regadera, se\u00f1alo Carrillo Huerta.<br \/>\nTambi\u00e9n estaremos acerc\u00e1ndonos con los miembros de la directiva a las escuelas secundarias para invitar a todos los j\u00f3venes a practicar este deporte y as\u00ed formar tambi\u00e9n nuestra propia Academia de beisbol, entre otros muchos proyectos que tenemos para nuestra querida liga.<br \/>\nPara seguir al frente de la Liga Rural estar\u00e9 contando de nuevo con los compa\u00f1eros H\u00e9ctor Manuel Prieto y Filiberto Calder\u00f3n y esteremos llamando a otros mas que tengan el dese\u00f3 de trabajar y dignificar esta nuestra Liga Rural de beisbol de Maneadero.<\/p>\n","protected":false},"excerpt":{"rendered":"<div class=\"mh-excerpt\"><p>J. J. Carrillo Va a Continuar al Frente de La Rural Cuenta Ya Con El Respaldo de la Mayor\u00eda Por. Alfonso J. Garz\u00f3n MANEADERO.- El <a class=\"mh-excerpt-more\" href=\"https:\/\/bcdeportes.com\/?p=2953\" title=\"J. J. Carrillo Va a Continuar al Frente de La Rural\">[&#8230;]<\/a><\/p>\n<\/div>","protected":false},"author":2,"featured_media":2954,"comment_status":"closed","ping_status":"closed","sticky":false,"template":"","format":"standard","meta":{"footnotes":""},"categories":[2,13],"tags":[],"class_list":["post-2953","post","type-post","status-publish","format-standard","has-post-thumbnail","hentry","category-beisbol","category-ruralmaneadero"],"_links":{"self":[{"href":"https:\/\/bcdeportes.com\/index.php?rest_route=\/wp\/v2\/posts\/2953","targetHints":{"allow":["GET"]}}],"collection":[{"href":"https:\/\/bcdeportes.com\/index.php?rest_route=\/wp\/v2\/posts"}],"about":[{"href":"https:\/\/bcdeportes.com\/index.php?rest_route=\/wp\/v2\/types\/post"}],"author":[{"embeddable":true,"href":"https:\/\/bcdeportes.com\/index.php?rest_route=\/wp\/v2\/users\/2"}],"replies":[{"embeddable":true,"href":"https:\/\/bcdeportes.com\/index.php?rest_route=%2Fwp%2Fv2%2Fcomments&post=2953"}],"version-history":[{"count":1,"href":"https:\/\/bcdeportes.com\/index.php?rest_route=\/wp\/v2\/posts\/2953\/revisions"}],"predecessor-version":[{"id":2955,"href":"https:\/\/bcdeportes.com\/index.php?rest_route=\/wp\/v2\/posts\/2953\/revisions\/2955"}],"wp:featuredmedia":[{"embeddable":true,"href":"https:\/\/bcdeportes.com\/index.php?rest_route=\/wp\/v2\/media\/2954"}],"wp:attachment":[{"href":"https:\/\/bcdeportes.com\/index.php?rest_route=%2Fwp%2Fv2%2Fmedia&parent=2953"}],"wp:term":[{"taxonomy":"category","embeddable":true,"href":"https:\/\/bcdeportes.com\/index.php?rest_route=%2Fwp%2Fv2%2Fcategories&post=2953"},{"taxonomy":"post_tag","embeddable":true,"href":"https:\/\/bcdeportes.com\/index.php?rest_route=%2Fwp%2Fv2%2Ftags&post=2953"}],"curies":[{"name":"wp","href":"https:\/\/api.w.org\/{rel}","templated":true}]}}